{"id":1559,"date":"2018-05-31T16:17:41","date_gmt":"2018-05-31T16:17:41","guid":{"rendered":"http:\/\/candelarquitectura.com\/estudio\/?p=1559"},"modified":"2018-10-08T22:05:03","modified_gmt":"2018-10-08T22:05:03","slug":"casa-en-terreno-rustico-en-ibiza-2015","status":"publish","type":"post","link":"http:\/\/candelarquitectura.com\/estudio\/casa-en-terreno-rustico-en-ibiza-2015\/","title":{"rendered":"Casa en terreno r\u00fastico en Ibiza 2015"},"content":{"rendered":"\t\t<div data-elementor-type=\"wp-post\" data-elementor-id=\"1559\" class=\"elementor elementor-1559 elementor-bc-flex-widget\">\n\t\t\t\t\t\t<div class=\"elementor-inner\">\n\t\t\t\t<div class=\"elementor-section-wrap\">\n\t\t\t\t\t\t\t\t\t<section class=\"elementor-section elementor-top-section elementor-element elementor-element-6ac79271 elementor-section-height-full elementor-section-items-bottom elementor-section-boxed elementor-section-height-default\" data-id=\"6ac79271\" data-element_type=\"section\">\n\t\t\t\t\t\t<div class=\"elementor-container elementor-column-gap-default\">\n\t\t\t\t\t\t\t<div class=\"elementor-row\">\n\t\t\t\t\t<div class=\"elementor-column elementor-col-50 elementor-top-column elementor-element elementor-element-50a9b1b5\" data-id=\"50a9b1b5\" data-element_type=\"column\">\n\t\t\t<div class=\"elementor-column-wrap elementor-element-populated\">\n\t\t\t\t\t\t\t<div class=\"elementor-widget-wrap\">\n\t\t\t\t\t\t<div class=\"elementor-element elementor-element-5e777796 ee-grid-columns-12 ee-gallery-slider--top ee-grid-columns-tablet-6 ee-grid-columns-mobile-4 elementor-widget elementor-widget-gallery-slider\" data-id=\"5e777796\" data-element_type=\"widget\" data-settings=\"{&quot;columns&quot;:&quot;12&quot;,&quot;autoplay&quot;:&quot;no&quot;,&quot;effect&quot;:&quot;fade&quot;,&quot;speed&quot;:100,&quot;show_thumbnails&quot;:&quot;yes&quot;,&quot;columns_tablet&quot;:&quot;6&quot;,&quot;columns_mobile&quot;:&quot;4&quot;,&quot;direction&quot;:&quot;ltr&quot;,&quot;infinite&quot;:&quot;yes&quot;,&quot;resistance&quot;:{&quot;unit&quot;:&quot;px&quot;,&quot;size&quot;:0.25,&quot;sizes&quot;:[]},&quot;adaptive_height&quot;:&quot;yes&quot;}\" data-widget_type=\"gallery-slider.default\">\n\t\t\t\t<div class=\"elementor-widget-container\">\n\t\t\t<div class=\"ee-gallery-slider\">\n\t\t\t<div class=\"ee-gallery-slider__preview ee-swiper\" dir=\"ltr\">\n\t\t\t<div class=\"ee-gallery-slider__slider-wrapper\">\n\t\t\t\t<div class=\"swiper-container ee-swiper__container ee-gallery-slider__slider ee-media-align--bottom ee-media-align--justify ee-media-effect__content--\">\n\t\t\t\t\t<div class=\"swiper-wrapper ee-swiper__wrapper\">\n\t\t\t\t\t\t<div class=\"ee-slider__slide ee-swiper__slide swiper-slide\">\n\t\t\t\t<a class=\"ee-media ee-slider__media ee-swiper__slide__media\" href=\"http:\/\/candelarquitectura.com\/estudio\/wp-content\/uploads\/2018\/05\/casarusticaibiza01.jpg\" data-elementor-open-lightbox=\"yes\" data-elementor-lightbox-slideshow=\"5e777796_1559\" data-elementor-lightbox-title=\"casarusticaibiza01\" e-action-hash=\"#elementor-action%3Aaction%3Dlightbox%26settings%3DeyJpZCI6MTU2MiwidXJsIjoiaHR0cDpcL1wvY2FuZGVsYXJxdWl0ZWN0dXJhLmNvbVwvZXN0dWRpb1wvd3AtY29udGVudFwvdXBsb2Fkc1wvMjAxOFwvMDVcL2Nhc2FydXN0aWNhaWJpemEwMS5qcGciLCJzbGlkZXNob3ciOiI1ZTc3Nzc5Nl8xNTU5In0%3D\">\n\t\t\t\t\t<div class=\"ee-media__wrapper ee-slider__media-wrapper\">\n\t\t\t\t\t\t<div class=\"ee-media__thumbnail ee-slider__media__thumbnail\">\n\t\t\t\t\t\t\t<img decoding=\"async\" alt=\"casarusticaibiza01\" src=\"http:\/\/candelarquitectura.com\/estudio\/wp-content\/uploads\/2018\/05\/casarusticaibiza01.jpg\" class=\"ee-media__thumbnail__image\" \/>\n\t\t\t\t\t\t<\/div>\n\t\t\t\t\t\t\t\t\t\t\t<\/div>\n\t\t\t\t<\/a>\n\t\t\t<\/div><div class=\"ee-slider__slide ee-swiper__slide swiper-slide\">\n\t\t\t\t<a class=\"ee-media ee-slider__media ee-swiper__slide__media\" href=\"http:\/\/candelarquitectura.com\/estudio\/wp-content\/uploads\/2018\/05\/casarusticaibiza02.jpg\" data-elementor-open-lightbox=\"yes\" data-elementor-lightbox-slideshow=\"5e777796_1559\" data-elementor-lightbox-title=\"casarusticaibiza02\" e-action-hash=\"#elementor-action%3Aaction%3Dlightbox%26settings%3DeyJpZCI6MTU2MywidXJsIjoiaHR0cDpcL1wvY2FuZGVsYXJxdWl0ZWN0dXJhLmNvbVwvZXN0dWRpb1wvd3AtY29udGVudFwvdXBsb2Fkc1wvMjAxOFwvMDVcL2Nhc2FydXN0aWNhaWJpemEwMi5qcGciLCJzbGlkZXNob3ciOiI1ZTc3Nzc5Nl8xNTU5In0%3D\">\n\t\t\t\t\t<div class=\"ee-media__wrapper ee-slider__media-wrapper\">\n\t\t\t\t\t\t<div class=\"ee-media__thumbnail ee-slider__media__thumbnail\">\n\t\t\t\t\t\t\t<img decoding=\"async\" alt=\"casarusticaibiza02\" src=\"http:\/\/candelarquitectura.com\/estudio\/wp-content\/uploads\/2018\/05\/casarusticaibiza02.jpg\" class=\"ee-media__thumbnail__image\" \/>\n\t\t\t\t\t\t<\/div>\n\t\t\t\t\t\t\t\t\t\t\t<\/div>\n\t\t\t\t<\/a>\n\t\t\t<\/div><div class=\"ee-slider__slide ee-swiper__slide swiper-slide\">\n\t\t\t\t<a class=\"ee-media ee-slider__media ee-swiper__slide__media\" href=\"http:\/\/candelarquitectura.com\/estudio\/wp-content\/uploads\/2018\/05\/casarusticaibiza03.jpg\" data-elementor-open-lightbox=\"yes\" data-elementor-lightbox-slideshow=\"5e777796_1559\" data-elementor-lightbox-title=\"casarusticaibiza03\" e-action-hash=\"#elementor-action%3Aaction%3Dlightbox%26settings%3DeyJpZCI6MTU2NCwidXJsIjoiaHR0cDpcL1wvY2FuZGVsYXJxdWl0ZWN0dXJhLmNvbVwvZXN0dWRpb1wvd3AtY29udGVudFwvdXBsb2Fkc1wvMjAxOFwvMDVcL2Nhc2FydXN0aWNhaWJpemEwMy5qcGciLCJzbGlkZXNob3ciOiI1ZTc3Nzc5Nl8xNTU5In0%3D\">\n\t\t\t\t\t<div class=\"ee-media__wrapper ee-slider__media-wrapper\">\n\t\t\t\t\t\t<div class=\"ee-media__thumbnail ee-slider__media__thumbnail\">\n\t\t\t\t\t\t\t<img decoding=\"async\" alt=\"casarusticaibiza03\" src=\"http:\/\/candelarquitectura.com\/estudio\/wp-content\/uploads\/2018\/05\/casarusticaibiza03.jpg\" class=\"ee-media__thumbnail__image\" \/>\n\t\t\t\t\t\t<\/div>\n\t\t\t\t\t\t\t\t\t\t\t<\/div>\n\t\t\t\t<\/a>\n\t\t\t<\/div><div class=\"ee-slider__slide ee-swiper__slide swiper-slide\">\n\t\t\t\t<a class=\"ee-media ee-slider__media ee-swiper__slide__media\" href=\"http:\/\/candelarquitectura.com\/estudio\/wp-content\/uploads\/2018\/05\/casarusticaibiza04.jpg\" data-elementor-open-lightbox=\"yes\" data-elementor-lightbox-slideshow=\"5e777796_1559\" data-elementor-lightbox-title=\"casarusticaibiza04\" e-action-hash=\"#elementor-action%3Aaction%3Dlightbox%26settings%3DeyJpZCI6MTU2NSwidXJsIjoiaHR0cDpcL1wvY2FuZGVsYXJxdWl0ZWN0dXJhLmNvbVwvZXN0dWRpb1wvd3AtY29udGVudFwvdXBsb2Fkc1wvMjAxOFwvMDVcL2Nhc2FydXN0aWNhaWJpemEwNC5qcGciLCJzbGlkZXNob3ciOiI1ZTc3Nzc5Nl8xNTU5In0%3D\">\n\t\t\t\t\t<div class=\"ee-media__wrapper ee-slider__media-wrapper\">\n\t\t\t\t\t\t<div class=\"ee-media__thumbnail ee-slider__media__thumbnail\">\n\t\t\t\t\t\t\t<img decoding=\"async\" alt=\"casarusticaibiza04\" src=\"http:\/\/candelarquitectura.com\/estudio\/wp-content\/uploads\/2018\/05\/casarusticaibiza04.jpg\" class=\"ee-media__thumbnail__image\" \/>\n\t\t\t\t\t\t<\/div>\n\t\t\t\t\t\t\t\t\t\t\t<\/div>\n\t\t\t\t<\/a>\n\t\t\t<\/div><div class=\"ee-slider__slide ee-swiper__slide swiper-slide\">\n\t\t\t\t<a class=\"ee-media ee-slider__media ee-swiper__slide__media\" href=\"http:\/\/candelarquitectura.com\/estudio\/wp-content\/uploads\/2018\/05\/casarusticaibiza05.jpg\" data-elementor-open-lightbox=\"yes\" data-elementor-lightbox-slideshow=\"5e777796_1559\" data-elementor-lightbox-title=\"casarusticaibiza05\" e-action-hash=\"#elementor-action%3Aaction%3Dlightbox%26settings%3DeyJpZCI6MTU2NiwidXJsIjoiaHR0cDpcL1wvY2FuZGVsYXJxdWl0ZWN0dXJhLmNvbVwvZXN0dWRpb1wvd3AtY29udGVudFwvdXBsb2Fkc1wvMjAxOFwvMDVcL2Nhc2FydXN0aWNhaWJpemEwNS5qcGciLCJzbGlkZXNob3ciOiI1ZTc3Nzc5Nl8xNTU5In0%3D\">\n\t\t\t\t\t<div class=\"ee-media__wrapper ee-slider__media-wrapper\">\n\t\t\t\t\t\t<div class=\"ee-media__thumbnail ee-slider__media__thumbnail\">\n\t\t\t\t\t\t\t<img decoding=\"async\" alt=\"casarusticaibiza05\" src=\"http:\/\/candelarquitectura.com\/estudio\/wp-content\/uploads\/2018\/05\/casarusticaibiza05.jpg\" class=\"ee-media__thumbnail__image\" \/>\n\t\t\t\t\t\t<\/div>\n\t\t\t\t\t\t\t\t\t\t\t<\/div>\n\t\t\t\t<\/a>\n\t\t\t<\/div>\t\t\t\t\t<\/div>\n\t\t\t\t<\/div><\/div><\/div>\t\t\t<div class=\"ee-gallery-slider__gallery\"><div class=\"ee-grid ee-grid--gallery ee-gallery ee-gallery__gallery ee-media-align-- ee-media-align-- ee-media-effect__content--\">\n\t\t\t\t\t\t\n\t\t\t<div class=\"ee-gallery__item ee-grid__item\">\n\n\t\t\t\t<figure class=\"ee-media ee-gallery__media\">\n\t\t\t\t\t<div class=\"ee-media__wrapper ee-gallery__media-wrapper\">\n\t\t\t\t\t\t<div class=\"ee-media__thumbnail ee-gallery__media__thumbnail\">\n\t\t\t<img width=\"150\" height=\"150\" src=\"http:\/\/candelarquitectura.com\/estudio\/wp-content\/uploads\/2018\/05\/casarusticaibiza01-150x150.jpg\" class=\"attachment-thumbnail size-thumbnail\" alt=\"\" decoding=\"async\" loading=\"lazy\" srcset=\"http:\/\/candelarquitectura.com\/estudio\/wp-content\/uploads\/2018\/05\/casarusticaibiza01-150x150.jpg 150w, http:\/\/candelarquitectura.com\/estudio\/wp-content\/uploads\/2018\/05\/casarusticaibiza01-300x300.jpg 300w\" sizes=\"(max-width: 150px) 100vw, 150px\" \/>\t\t<\/div>\t\t\t\t\t\t<div class=\"ee-media__overlay ee-gallery__media__overlay\"><\/div>\t\t\t\t\t\t\t\t\t\t\t<\/div>\n\t\t\t\t<\/figure>\n\t\t\t\t\n\t\t\t<\/div>\n\n\t\t\n\t\t\t<div class=\"ee-gallery__item ee-grid__item\">\n\n\t\t\t\t<figure class=\"ee-media ee-gallery__media\">\n\t\t\t\t\t<div class=\"ee-media__wrapper ee-gallery__media-wrapper\">\n\t\t\t\t\t\t<div class=\"ee-media__thumbnail ee-gallery__media__thumbnail\">\n\t\t\t<img width=\"150\" height=\"150\" src=\"http:\/\/candelarquitectura.com\/estudio\/wp-content\/uploads\/2018\/05\/casarusticaibiza02-150x150.jpg\" class=\"attachment-thumbnail size-thumbnail\" alt=\"\" decoding=\"async\" loading=\"lazy\" srcset=\"http:\/\/candelarquitectura.com\/estudio\/wp-content\/uploads\/2018\/05\/casarusticaibiza02-150x150.jpg 150w, http:\/\/candelarquitectura.com\/estudio\/wp-content\/uploads\/2018\/05\/casarusticaibiza02-300x300.jpg 300w\" sizes=\"(max-width: 150px) 100vw, 150px\" \/>\t\t<\/div>\t\t\t\t\t\t<div class=\"ee-media__overlay ee-gallery__media__overlay\"><\/div>\t\t\t\t\t\t\t\t\t\t\t<\/div>\n\t\t\t\t<\/figure>\n\t\t\t\t\n\t\t\t<\/div>\n\n\t\t\n\t\t\t<div class=\"ee-gallery__item ee-grid__item\">\n\n\t\t\t\t<figure class=\"ee-media ee-gallery__media\">\n\t\t\t\t\t<div class=\"ee-media__wrapper ee-gallery__media-wrapper\">\n\t\t\t\t\t\t<div class=\"ee-media__thumbnail ee-gallery__media__thumbnail\">\n\t\t\t<img width=\"150\" height=\"150\" src=\"http:\/\/candelarquitectura.com\/estudio\/wp-content\/uploads\/2018\/05\/casarusticaibiza03-150x150.jpg\" class=\"attachment-thumbnail size-thumbnail\" alt=\"\" decoding=\"async\" loading=\"lazy\" srcset=\"http:\/\/candelarquitectura.com\/estudio\/wp-content\/uploads\/2018\/05\/casarusticaibiza03-150x150.jpg 150w, http:\/\/candelarquitectura.com\/estudio\/wp-content\/uploads\/2018\/05\/casarusticaibiza03-300x300.jpg 300w\" sizes=\"(max-width: 150px) 100vw, 150px\" \/>\t\t<\/div>\t\t\t\t\t\t<div class=\"ee-media__overlay ee-gallery__media__overlay\"><\/div>\t\t\t\t\t\t\t\t\t\t\t<\/div>\n\t\t\t\t<\/figure>\n\t\t\t\t\n\t\t\t<\/div>\n\n\t\t\n\t\t\t<div class=\"ee-gallery__item ee-grid__item\">\n\n\t\t\t\t<figure class=\"ee-media ee-gallery__media\">\n\t\t\t\t\t<div class=\"ee-media__wrapper ee-gallery__media-wrapper\">\n\t\t\t\t\t\t<div class=\"ee-media__thumbnail ee-gallery__media__thumbnail\">\n\t\t\t<img width=\"150\" height=\"150\" src=\"http:\/\/candelarquitectura.com\/estudio\/wp-content\/uploads\/2018\/05\/casarusticaibiza04-150x150.jpg\" class=\"attachment-thumbnail size-thumbnail\" alt=\"\" decoding=\"async\" loading=\"lazy\" srcset=\"http:\/\/candelarquitectura.com\/estudio\/wp-content\/uploads\/2018\/05\/casarusticaibiza04-150x150.jpg 150w, http:\/\/candelarquitectura.com\/estudio\/wp-content\/uploads\/2018\/05\/casarusticaibiza04-300x300.jpg 300w\" sizes=\"(max-width: 150px) 100vw, 150px\" \/>\t\t<\/div>\t\t\t\t\t\t<div class=\"ee-media__overlay ee-gallery__media__overlay\"><\/div>\t\t\t\t\t\t\t\t\t\t\t<\/div>\n\t\t\t\t<\/figure>\n\t\t\t\t\n\t\t\t<\/div>\n\n\t\t\n\t\t\t<div class=\"ee-gallery__item ee-grid__item\">\n\n\t\t\t\t<figure class=\"ee-media ee-gallery__media\">\n\t\t\t\t\t<div class=\"ee-media__wrapper ee-gallery__media-wrapper\">\n\t\t\t\t\t\t<div class=\"ee-media__thumbnail ee-gallery__media__thumbnail\">\n\t\t\t<img width=\"150\" height=\"150\" src=\"http:\/\/candelarquitectura.com\/estudio\/wp-content\/uploads\/2018\/05\/casarusticaibiza05-150x150.jpg\" class=\"attachment-thumbnail size-thumbnail\" alt=\"\" decoding=\"async\" loading=\"lazy\" srcset=\"http:\/\/candelarquitectura.com\/estudio\/wp-content\/uploads\/2018\/05\/casarusticaibiza05-150x150.jpg 150w, http:\/\/candelarquitectura.com\/estudio\/wp-content\/uploads\/2018\/05\/casarusticaibiza05-300x300.jpg 300w\" sizes=\"(max-width: 150px) 100vw, 150px\" \/>\t\t<\/div>\t\t\t\t\t\t<div class=\"ee-media__overlay ee-gallery__media__overlay\"><\/div>\t\t\t\t\t\t\t\t\t\t\t<\/div>\n\t\t\t\t<\/figure>\n\t\t\t\t\n\t\t\t<\/div>\n\n\t\t\t\t\t\t\t<\/div><\/div>\n\t\t<\/div>\t\t<\/div>\n\t\t\t\t<\/div>\n\t\t\t\t<div class=\"elementor-element elementor-element-1cffaa1b elementor-widget elementor-widget-theme-post-title elementor-page-title elementor-widget-heading\" data-id=\"1cffaa1b\" data-element_type=\"widget\" data-widget_type=\"theme-post-title.default\">\n\t\t\t\t<div class=\"elementor-widget-container\">\n\t\t\t<h6 class=\"elementor-heading-title elementor-size-default\">Casa en terreno r\u00fastico en Ibiza 2015<\/h6>\t\t<\/div>\n\t\t\t\t<\/div>\n\t\t\t\t<div class=\"elementor-element elementor-element-68431a68 elementor-hidden-desktop elementor-hidden-tablet elementor-widget elementor-widget-text-editor\" data-id=\"68431a68\" data-element_type=\"widget\" data-widget_type=\"text-editor.default\">\n\t\t\t\t<div class=\"elementor-widget-container\">\n\t\t\t\t\t\t\t\t<div class=\"elementor-text-editor elementor-clearfix\">\n\t\t\t\t<p>El contenido y memoria del proyecto est\u00e1 disponible en versi\u00f3n de escritorio o PC<\/p>\t\t\t\t\t<\/div>\n\t\t\t\t\t\t<\/div>\n\t\t\t\t<\/div>\n\t\t\t\t\t\t<\/div>\n\t\t\t\t\t<\/div>\n\t\t<\/div>\n\t\t\t\t<div class=\"elementor-column elementor-col-50 elementor-top-column elementor-element elementor-element-5d192fa6\" data-id=\"5d192fa6\" data-element_type=\"column\">\n\t\t\t<div class=\"elementor-column-wrap elementor-element-populated\">\n\t\t\t\t\t\t\t<div class=\"elementor-widget-wrap\">\n\t\t\t\t\t\t<div class=\"elementor-element elementor-element-49e9cbe0 elementor-hidden-phone elementor-widget elementor-widget-image\" data-id=\"49e9cbe0\" data-element_type=\"widget\" data-widget_type=\"image.default\">\n\t\t\t\t<div class=\"elementor-widget-container\">\n\t\t\t\t\t\t\t\t<div class=\"elementor-image\">\n\t\t\t\t\t\t\t\t\t\t\t\t\t<a href=\"#memoria\">\n\t\t\t\t\t\t\t<img decoding=\"async\" width=\"109\" height=\"37\" src=\"http:\/\/candelarquitectura.com\/estudio\/wp-content\/uploads\/2018\/05\/abajo.png\" class=\"attachment-large size-large wp-image-11\" alt=\"\" loading=\"lazy\" \/>\t\t\t\t\t\t\t\t<\/a>\n\t\t\t\t\t\t\t\t\t\t\t\t\t\t<\/div>\n\t\t\t\t\t\t<\/div>\n\t\t\t\t<\/div>\n\t\t\t\t\t\t<\/div>\n\t\t\t\t\t<\/div>\n\t\t<\/div>\n\t\t\t\t\t\t\t\t<\/div>\n\t\t\t\t\t<\/div>\n\t\t<\/section>\n\t\t\t\t<section class=\"elementor-section elementor-top-section elementor-element elementor-element-12efc60a elementor-section-height-min-height elementor-section-stretched elementor-hidden-phone elementor-section-boxed elementor-section-height-default elementor-section-items-middle\" data-id=\"12efc60a\" data-element_type=\"section\" id=\"memoria\" data-settings=\"{&quot;background_background&quot;:&quot;classic&quot;,&quot;stretch_section&quot;:&quot;section-stretched&quot;}\">\n\t\t\t\t\t\t<div class=\"elementor-container elementor-column-gap-wide\">\n\t\t\t\t\t\t\t<div class=\"elementor-row\">\n\t\t\t\t\t<div class=\"elementor-column elementor-col-50 elementor-top-column elementor-element elementor-element-2a4e9c92\" data-id=\"2a4e9c92\" data-element_type=\"column\">\n\t\t\t<div class=\"elementor-column-wrap elementor-element-populated\">\n\t\t\t\t\t\t\t<div class=\"elementor-widget-wrap\">\n\t\t\t\t\t\t<div class=\"elementor-element elementor-element-78c64c36 elementor-widget elementor-widget-text-editor\" data-id=\"78c64c36\" data-element_type=\"widget\" data-widget_type=\"text-editor.default\">\n\t\t\t\t<div class=\"elementor-widget-container\">\n\t\t\t\t\t\t\t\t<div class=\"elementor-text-editor elementor-clearfix\">\n\t\t\t\t<p>La parcela est\u00e1 situada en la proximidad a la costa sur de Ibiza, en una ladera boscosa que forma un trapezoide de lados similares orientados seg\u00fan los cuatro puntos cardinales, tiene una superficie de 27.000 m2, con una pendiente pr\u00e1cticamente continua del 18% descendiendo hacia un barranco de este a oeste. La cota media permite las vistas lejanas del mar hacia el sur.<\/p><p>\u00a0 \u00a0 \u00a0 \u00a0 \u00a0 \u00a0 \u00a0 \u00a0 \u00a0 \u00a0 \u00a0 \u00a0 \u00a0 \u00a0 \u00a0 \u00a0 \u00a0 \u00a0 \u00a0 \u00a0 \u00a0 \u00a0 \u00a0 \u00a0 \u00a0 \u00a0 \u00a0 \u00a0 \u00a0 \u00a0 \u00a0\u00a0<img decoding=\"async\" loading=\"lazy\" class=\"aligncenter wp-image-1570 size-medium\" src=\"http:\/\/candelarquitectura.com\/estudio\/wp-content\/uploads\/2018\/05\/casarusticaibizam01-248x300.jpg\" alt=\"\" width=\"248\" height=\"300\" srcset=\"http:\/\/candelarquitectura.com\/estudio\/wp-content\/uploads\/2018\/05\/casarusticaibizam01-248x300.jpg 248w, http:\/\/candelarquitectura.com\/estudio\/wp-content\/uploads\/2018\/05\/casarusticaibizam01-768x927.jpg 768w, http:\/\/candelarquitectura.com\/estudio\/wp-content\/uploads\/2018\/05\/casarusticaibizam01-848x1024.jpg 848w, http:\/\/candelarquitectura.com\/estudio\/wp-content\/uploads\/2018\/05\/casarusticaibizam01-500x604.jpg 500w, http:\/\/candelarquitectura.com\/estudio\/wp-content\/uploads\/2018\/05\/casarusticaibizam01.jpg 1017w\" sizes=\"(max-width: 248px) 100vw, 248px\" \/><\/p><p>La totalidad de la parcela esta deslindada en un suelo calizo caracter\u00edstico del entorno geol\u00f3gico de Sant Josep de sa Talaia, con una vegetaci\u00f3n intensiva predominante de pino carrasco (Pinus halepensis) y sabinas (Juniperus Phoenicea).<\/p><p><img decoding=\"async\" loading=\"lazy\" class=\"alignnone size-large wp-image-1571\" src=\"http:\/\/candelarquitectura.com\/estudio\/wp-content\/uploads\/2018\/05\/casarusticaibizam02-1024x250.jpg\" alt=\"\" width=\"702\" height=\"171\" srcset=\"http:\/\/candelarquitectura.com\/estudio\/wp-content\/uploads\/2018\/05\/casarusticaibizam02.jpg 1024w, http:\/\/candelarquitectura.com\/estudio\/wp-content\/uploads\/2018\/05\/casarusticaibizam02-300x73.jpg 300w, http:\/\/candelarquitectura.com\/estudio\/wp-content\/uploads\/2018\/05\/casarusticaibizam02-768x188.jpg 768w, http:\/\/candelarquitectura.com\/estudio\/wp-content\/uploads\/2018\/05\/casarusticaibizam02-500x122.jpg 500w\" sizes=\"(max-width: 702px) 100vw, 702px\" \/><\/p><p>De acuerdo con la normativa sobre Integraci\u00f3n Paisaj\u00edstica y Medioambiental la edificaci\u00f3n se sit\u00faa\u00a0<a class=\"destacado\"><b>pr\u00f3xima a la entrada de la parcela<\/b><\/a>\u00a0pr\u00f3ximo al camino existente y reduciendo al m\u00e1ximo el impacto visual. La ubicaci\u00f3n respecto a la topograf\u00eda de la parcela\u00a0<a class=\"destacado\"><b>est\u00e1 en la mitad inferior del tramo de la ladera.<\/b><\/a><\/p><p><img decoding=\"async\" loading=\"lazy\" class=\"alignnone size-large wp-image-1572\" src=\"http:\/\/candelarquitectura.com\/estudio\/wp-content\/uploads\/2018\/05\/casarusticaibizam03-1024x341.jpg\" alt=\"\" width=\"702\" height=\"234\" srcset=\"http:\/\/candelarquitectura.com\/estudio\/wp-content\/uploads\/2018\/05\/casarusticaibizam03-1024x341.jpg 1024w, http:\/\/candelarquitectura.com\/estudio\/wp-content\/uploads\/2018\/05\/casarusticaibizam03-300x100.jpg 300w, http:\/\/candelarquitectura.com\/estudio\/wp-content\/uploads\/2018\/05\/casarusticaibizam03-768x256.jpg 768w, http:\/\/candelarquitectura.com\/estudio\/wp-content\/uploads\/2018\/05\/casarusticaibizam03-500x167.jpg 500w\" sizes=\"(max-width: 702px) 100vw, 702px\" \/><\/p><p>De acuerdo con la normativa, la edificaci\u00f3n se sit\u00faa\u00a0<a class=\"destacado\"><b>siguiendo las directrices paralelas a las l\u00edneas de cota, fragmentada en distintos cuerpos o vol\u00famenes escalonados:<\/b><\/a>\u00a03 prismas de distinto tama\u00f1o que van ascendiendo con el nivel del suelo desde la cota +104mts a la +104,5mts a la +107 mts y que contienen, el bloque de habitaciones(orientado al Oeste), el de estar- cocina(al Sur- Oeste) y el de habitaci\u00f3n principal(al Sur- Oeste), respectivamente. Todo el conjunto queda ligado por una Plataforma longitudinal continua que va desde la cota +104mts en el Norte (acceso a la vivienda y aparcamiento) a la cota 104,5mts en el lado Sur (patio exterior a la piscina),\u00a0<a class=\"destacado\"><b>Plataforma desde la que se accede a todas las partes de la vivienda tanto interiores como exteriores.<\/b><\/a><\/p><p><img decoding=\"async\" loading=\"lazy\" class=\"alignnone size-large wp-image-1573\" src=\"http:\/\/candelarquitectura.com\/estudio\/wp-content\/uploads\/2018\/05\/casarusticaibizam04-1024x540.jpg\" alt=\"\" width=\"702\" height=\"370\" srcset=\"http:\/\/candelarquitectura.com\/estudio\/wp-content\/uploads\/2018\/05\/casarusticaibizam04-1024x540.jpg 1024w, http:\/\/candelarquitectura.com\/estudio\/wp-content\/uploads\/2018\/05\/casarusticaibizam04-300x158.jpg 300w, http:\/\/candelarquitectura.com\/estudio\/wp-content\/uploads\/2018\/05\/casarusticaibizam04-768x405.jpg 768w, http:\/\/candelarquitectura.com\/estudio\/wp-content\/uploads\/2018\/05\/casarusticaibizam04-500x264.jpg 500w, http:\/\/candelarquitectura.com\/estudio\/wp-content\/uploads\/2018\/05\/casarusticaibizam04.jpg 1250w\" sizes=\"(max-width: 702px) 100vw, 702px\" \/><\/p><p><a class=\"destacado\"><b>\u00a0<\/b><\/a><\/p><p><a class=\"destacado\"><b>Todo el conjunto forma un bloque lineal en direcci\u00f3n Norte-Sur, orientado al Oeste, que se despliega hacia el Sur para ganar soleamiento y vistas lejanas al mar.<\/b><\/a><\/p><p><img decoding=\"async\" loading=\"lazy\" class=\"alignnone size-large wp-image-1574\" src=\"http:\/\/candelarquitectura.com\/estudio\/wp-content\/uploads\/2018\/05\/casarusticaibizam05-1024x392.jpg\" alt=\"\" width=\"702\" height=\"269\" srcset=\"http:\/\/candelarquitectura.com\/estudio\/wp-content\/uploads\/2018\/05\/casarusticaibizam05.jpg 1024w, http:\/\/candelarquitectura.com\/estudio\/wp-content\/uploads\/2018\/05\/casarusticaibizam05-300x115.jpg 300w, http:\/\/candelarquitectura.com\/estudio\/wp-content\/uploads\/2018\/05\/casarusticaibizam05-768x294.jpg 768w, http:\/\/candelarquitectura.com\/estudio\/wp-content\/uploads\/2018\/05\/casarusticaibizam05-500x191.jpg 500w\" sizes=\"(max-width: 702px) 100vw, 702px\" \/><\/p><p><img decoding=\"async\" loading=\"lazy\" class=\"alignnone size-large wp-image-1575\" src=\"http:\/\/candelarquitectura.com\/estudio\/wp-content\/uploads\/2018\/05\/casarusticaibizam06-1-1024x409.jpg\" alt=\"\" width=\"702\" height=\"280\" srcset=\"http:\/\/candelarquitectura.com\/estudio\/wp-content\/uploads\/2018\/05\/casarusticaibizam06-1.jpg 1024w, http:\/\/candelarquitectura.com\/estudio\/wp-content\/uploads\/2018\/05\/casarusticaibizam06-1-300x120.jpg 300w, http:\/\/candelarquitectura.com\/estudio\/wp-content\/uploads\/2018\/05\/casarusticaibizam06-1-768x307.jpg 768w, http:\/\/candelarquitectura.com\/estudio\/wp-content\/uploads\/2018\/05\/casarusticaibizam06-1-500x200.jpg 500w\" sizes=\"(max-width: 702px) 100vw, 702px\" \/><\/p><p>La\u00a0<a class=\"destacado\"><b>edificaci\u00f3n es de una volumetr\u00eda sencilla<\/b>,<\/a>\u00a0compuesta esencialmente por 3 cuerpos de diferentes tama\u00f1os de planta rectangular, que trepan por la ladera, con una impronta que remite a la\u00a0<a class=\"destacado\"><b>forma de construir tradicional en Ibiza<\/b>,<\/a>\u00a0a\u00f1adiendo vol\u00famenes al principal de partida , y remite a su vez a la magn\u00edfica reinterpretaci\u00f3n de la arquitectura vern\u00e1cula que hizo Josep Llu\u00eds Sert en 1970 en las Casas en Punta Martinet en Ibiza, desde un\u00a0<b><a class=\"destacado\">planteamiento racionalista a la que este Proyecto se adscribe.<\/a>\u00a0<\/b><\/p><p>La dicotom\u00eda entre muro ciego y hueco que parece traducir la normativa queda en este proyecto obviada al no existir el elemento Ventana como tal, sino una sucesi\u00f3n de cerramientos blancos continuos macizos o celos\u00edas m\u00f3viles de madera, que unidos a los z\u00f3calos continuos de piedra de aparejo tradicional y las cubiertas planas,\u00a0<a class=\"destacado\"><b>enlazan aunque de forma abstracta con la Arquitectura tradicional de la zona.<\/b><\/a><\/p><p><img decoding=\"async\" loading=\"lazy\" class=\"alignnone size-large wp-image-1576\" src=\"http:\/\/candelarquitectura.com\/estudio\/wp-content\/uploads\/2018\/05\/casarusticaibizam07-1024x279.jpg\" alt=\"\" width=\"702\" height=\"191\" srcset=\"http:\/\/candelarquitectura.com\/estudio\/wp-content\/uploads\/2018\/05\/casarusticaibizam07.jpg 1024w, http:\/\/candelarquitectura.com\/estudio\/wp-content\/uploads\/2018\/05\/casarusticaibizam07-300x82.jpg 300w, http:\/\/candelarquitectura.com\/estudio\/wp-content\/uploads\/2018\/05\/casarusticaibizam07-768x209.jpg 768w, http:\/\/candelarquitectura.com\/estudio\/wp-content\/uploads\/2018\/05\/casarusticaibizam07-500x136.jpg 500w\" sizes=\"(max-width: 702px) 100vw, 702px\" \/><\/p><p><img decoding=\"async\" loading=\"lazy\" class=\"alignnone size-large wp-image-1577\" src=\"http:\/\/candelarquitectura.com\/estudio\/wp-content\/uploads\/2018\/05\/casarusticaibizam08-1024x419.jpg\" alt=\"\" width=\"702\" height=\"287\" srcset=\"http:\/\/candelarquitectura.com\/estudio\/wp-content\/uploads\/2018\/05\/casarusticaibizam08.jpg 1024w, http:\/\/candelarquitectura.com\/estudio\/wp-content\/uploads\/2018\/05\/casarusticaibizam08-300x123.jpg 300w, http:\/\/candelarquitectura.com\/estudio\/wp-content\/uploads\/2018\/05\/casarusticaibizam08-768x314.jpg 768w, http:\/\/candelarquitectura.com\/estudio\/wp-content\/uploads\/2018\/05\/casarusticaibizam08-500x205.jpg 500w\" sizes=\"(max-width: 702px) 100vw, 702px\" \/><\/p><p>La vivienda se desarrolla a partir de una plataforma longitudinal en direcci\u00f3n Norte-Sur, que se implanta semiexcavada en el terreno y que conforman los espacios exteriores de la vivienda y en donde se suceden de Norte a Sur:\u00a0<br \/>&#8211; el acceso rodado desde el camino interior de la parcela.\u00a0<br \/>&#8211; el aparcamiento exterior para visitantes.\u00a0<br \/>&#8211; la marquesina de acceso al vest\u00edbulo de la vivienda.\u00a0<br \/>&#8211; el patio exterior con la piscina al fondo y una p\u00e9rgola de remate para comedor de verano.<\/p><p><img decoding=\"async\" loading=\"lazy\" class=\"alignnone size-large wp-image-1579\" src=\"http:\/\/candelarquitectura.com\/estudio\/wp-content\/uploads\/2018\/05\/casarusticaibizam09-1024x379.jpg\" alt=\"\" width=\"702\" height=\"260\" srcset=\"http:\/\/candelarquitectura.com\/estudio\/wp-content\/uploads\/2018\/05\/casarusticaibizam09.jpg 1024w, http:\/\/candelarquitectura.com\/estudio\/wp-content\/uploads\/2018\/05\/casarusticaibizam09-300x111.jpg 300w, http:\/\/candelarquitectura.com\/estudio\/wp-content\/uploads\/2018\/05\/casarusticaibizam09-768x284.jpg 768w, http:\/\/candelarquitectura.com\/estudio\/wp-content\/uploads\/2018\/05\/casarusticaibizam09-500x185.jpg 500w\" sizes=\"(max-width: 702px) 100vw, 702px\" \/><\/p><p>Sobre esta plataforma se sit\u00faa:\u00a0<br \/><a class=\"destacado\"><b>&#8211; cuerpo 1:<\/b><\/a>\u00a0Donde se sit\u00faan tres dormitorios protegidos por un porche con un sistema de lamas verticales de madera al oeste.\u00a0<br \/><a class=\"destacado\"><b>&#8211; cuerpo 2:<\/b><\/a>\u00a0Que es la pieza com\u00fan de la vivienda, con la cocina incorporada por un sistema de tabique m\u00f3vil a gran espacio continuo, donde se suceden el comedor, estar con chimenea incorporada, y porche exterior al Sur frente a la zona de la piscina. Al igual que en el bloque de dormitorios el frente Oeste, se protege con un sistema continuo de lamas verticales de madera.\u00a0<br \/><b><a class=\"destacado\">&#8211; cuerpo 3:<\/a>\u00a0<\/b>Desde el vest\u00edbulo se accede mediante excavaci\u00f3n a una escalera y ascensor que comunica con la habitaci\u00f3n principal en, 3mt por encima de la plataforma.<\/p><p><img decoding=\"async\" loading=\"lazy\" class=\"alignnone size-large wp-image-1580\" src=\"http:\/\/candelarquitectura.com\/estudio\/wp-content\/uploads\/2018\/05\/casarusticaibizam10-1024x514.jpg\" alt=\"\" width=\"702\" height=\"352\" srcset=\"http:\/\/candelarquitectura.com\/estudio\/wp-content\/uploads\/2018\/05\/casarusticaibizam10.jpg 1024w, http:\/\/candelarquitectura.com\/estudio\/wp-content\/uploads\/2018\/05\/casarusticaibizam10-300x151.jpg 300w, http:\/\/candelarquitectura.com\/estudio\/wp-content\/uploads\/2018\/05\/casarusticaibizam10-768x386.jpg 768w, http:\/\/candelarquitectura.com\/estudio\/wp-content\/uploads\/2018\/05\/casarusticaibizam10-500x251.jpg 500w\" sizes=\"(max-width: 702px) 100vw, 702px\" \/><\/p><p>En toda la proyecci\u00f3n del conjunto de la vivienda se excava un semis\u00f3tano que contiene la vivienda de servicio, garaje, instalaciones y almacenes.<\/p>\t\t\t\t\t<\/div>\n\t\t\t\t\t\t<\/div>\n\t\t\t\t<\/div>\n\t\t\t\t<div class=\"elementor-element elementor-element-110a054c elementor-arrows-position-outside elementor-pagination-position-outside elementor-widget elementor-widget-image-carousel\" data-id=\"110a054c\" data-element_type=\"widget\" data-settings=\"{&quot;slides_to_show&quot;:&quot;1&quot;,&quot;autoplay&quot;:&quot;no&quot;,&quot;infinite&quot;:&quot;no&quot;,&quot;effect&quot;:&quot;fade&quot;,&quot;speed&quot;:0,&quot;navigation&quot;:&quot;both&quot;}\" data-widget_type=\"image-carousel.default\">\n\t\t\t\t<div class=\"elementor-widget-container\">\n\t\t\t\t\t<div class=\"elementor-image-carousel-wrapper swiper-container\" dir=\"ltr\">\n\t\t\t<div class=\"elementor-image-carousel swiper-wrapper\">\n\t\t\t\t\t\t\t\t<div class=\"swiper-slide\"><figure class=\"swiper-slide-inner\"><img decoding=\"async\" class=\"swiper-slide-image\" src=\"http:\/\/candelarquitectura.com\/estudio\/wp-content\/uploads\/2018\/05\/casarusticaibizam11-768x340.jpg\" alt=\"casarusticaibizam11\" \/><\/figure><\/div><div class=\"swiper-slide\"><figure class=\"swiper-slide-inner\"><img decoding=\"async\" class=\"swiper-slide-image\" src=\"http:\/\/candelarquitectura.com\/estudio\/wp-content\/uploads\/2018\/05\/casarusticaibizam12-768x340.jpg\" alt=\"casarusticaibizam12\" \/><\/figure><\/div><div class=\"swiper-slide\"><figure class=\"swiper-slide-inner\"><img decoding=\"async\" class=\"swiper-slide-image\" src=\"http:\/\/candelarquitectura.com\/estudio\/wp-content\/uploads\/2018\/05\/casarusticaibizam13-768x340.jpg\" alt=\"casarusticaibizam13\" \/><\/figure><\/div>\t\t\t<\/div>\n\t\t\t\t\t\t\t\t\t\t\t\t<div class=\"swiper-pagination\"><\/div>\n\t\t\t\t\t\t\t\t\t\t\t\t\t<div class=\"elementor-swiper-button elementor-swiper-button-prev\">\n\t\t\t\t\t\t<i aria-hidden=\"true\" class=\"eicon-chevron-left\"><\/i>\t\t\t\t\t\t<span class=\"elementor-screen-only\">Anterior<\/span>\n\t\t\t\t\t<\/div>\n\t\t\t\t\t<div class=\"elementor-swiper-button elementor-swiper-button-next\">\n\t\t\t\t\t\t<i aria-hidden=\"true\" class=\"eicon-chevron-right\"><\/i>\t\t\t\t\t\t<span class=\"elementor-screen-only\">Siguiente<\/span>\n\t\t\t\t\t<\/div>\n\t\t\t\t\t\t\t\t\t<\/div>\n\t\t\t\t<\/div>\n\t\t\t\t<\/div>\n\t\t\t\t<div class=\"elementor-element elementor-element-62de74e elementor-widget elementor-widget-image\" data-id=\"62de74e\" data-element_type=\"widget\" data-widget_type=\"image.default\">\n\t\t\t\t<div class=\"elementor-widget-container\">\n\t\t\t\t\t\t\t\t<div class=\"elementor-image\">\n\t\t\t\t\t\t\t\t\t\t\t\t<img decoding=\"async\" width=\"702\" height=\"402\" src=\"http:\/\/candelarquitectura.com\/estudio\/wp-content\/uploads\/2018\/05\/casarusticaibizam14-1024x586.jpg\" class=\"attachment-large size-large wp-image-1589\" alt=\"\" loading=\"lazy\" srcset=\"http:\/\/candelarquitectura.com\/estudio\/wp-content\/uploads\/2018\/05\/casarusticaibizam14.jpg 1024w, http:\/\/candelarquitectura.com\/estudio\/wp-content\/uploads\/2018\/05\/casarusticaibizam14-300x172.jpg 300w, http:\/\/candelarquitectura.com\/estudio\/wp-content\/uploads\/2018\/05\/casarusticaibizam14-768x440.jpg 768w, http:\/\/candelarquitectura.com\/estudio\/wp-content\/uploads\/2018\/05\/casarusticaibizam14-500x286.jpg 500w\" sizes=\"(max-width: 702px) 100vw, 702px\" \/>\t\t\t\t\t\t\t\t\t\t\t\t\t\t<\/div>\n\t\t\t\t\t\t<\/div>\n\t\t\t\t<\/div>\n\t\t\t\t<div class=\"elementor-element elementor-element-752fb68e elementor-widget elementor-widget-spacer\" data-id=\"752fb68e\" data-element_type=\"widget\" data-widget_type=\"spacer.default\">\n\t\t\t\t<div class=\"elementor-widget-container\">\n\t\t\t\t\t<div class=\"elementor-spacer\">\n\t\t\t<div class=\"elementor-spacer-inner\"><\/div>\n\t\t<\/div>\n\t\t\t\t<\/div>\n\t\t\t\t<\/div>\n\t\t\t\t\t\t<\/div>\n\t\t\t\t\t<\/div>\n\t\t<\/div>\n\t\t\t\t<div class=\"elementor-column elementor-col-50 elementor-top-column elementor-element elementor-element-1d606ce7\" data-id=\"1d606ce7\" data-element_type=\"column\">\n\t\t\t<div class=\"elementor-column-wrap elementor-element-populated\">\n\t\t\t\t\t\t\t<div class=\"elementor-widget-wrap\">\n\t\t\t\t\t\t<div class=\"elementor-element elementor-element-38a67855 elementor-widget elementor-widget-text-editor\" data-id=\"38a67855\" data-element_type=\"widget\" data-widget_type=\"text-editor.default\">\n\t\t\t\t<div class=\"elementor-widget-container\">\n\t\t\t\t\t\t\t\t<div class=\"elementor-text-editor elementor-clearfix\">\n\t\t\t\t<div id=\"datos1\" style=\"color: #000000; left: 0px; position: relative; top: 0px; width: 231.266px; font-family: Arial, Helvetica, sans-serif;\"><div class=\"info\" style=\"margin-bottom: 11.5625px;\"><div class=\"etiqueta\" style=\"opacity: 0.5; display: inline-block;\">PROYECTO<\/div><br \/><div class=\"datos\" style=\"display: inline-block;\">VIVIENDA EN TERRENO R\u00daSTICO. IBIZA<\/div><\/div><div class=\"info\" style=\"margin-bottom: 11.5625px;\"><div class=\"etiqueta\" style=\"opacity: 0.5; display: inline-block;\">TIPOLOG\u00cdA<\/div><br \/><div class=\"datos\" style=\"display: inline-block;\">RESIDENCIAL UNIFAMILIAR<\/div><\/div><div class=\"info\" style=\"margin-bottom: 11.5625px;\"><div class=\"etiqueta\" style=\"opacity: 0.5; display: inline-block;\">EMPLAZAMIENTO<\/div><br \/><div class=\"datos\" style=\"display: inline-block;\">IBIZA<\/div><\/div><div class=\"info\" style=\"margin-bottom: 11.5625px;\"><div class=\"etiqueta\" style=\"opacity: 0.5; display: inline-block;\">A\u00d1O DE PROYECTO<\/div><br \/><div class=\"datos\" style=\"display: inline-block;\">2015<\/div><\/div><\/div><div id=\"datos2\" style=\"color: #000000; left: 0px; position: relative; top: 0px; width: 231.266px; font-family: Arial, Helvetica, sans-serif;\"><div class=\"info\" style=\"margin-bottom: 11.5625px;\"><div class=\"etiqueta\" style=\"opacity: 0.5; display: inline-block;\">PROMOTOR<\/div><br \/><div class=\"datos\" style=\"display: inline-block;\">FERNANDO COROMINAS<\/div><\/div><div class=\"info\" style=\"margin-bottom: 11.5625px;\"><div class=\"etiqueta\" style=\"opacity: 0.5; display: inline-block;\">ARQUITECTO<\/div><br \/><div class=\"datos\" style=\"display: inline-block;\">FRANCISCO CANDEL JIM\u00c9NEZ<\/div><\/div><div class=\"info\" style=\"margin-bottom: 11.5625px;\"><div class=\"etiqueta\" style=\"opacity: 0.5; display: inline-block;\">ARQUITECTO COLABORADOR<\/div><br \/><div class=\"datos\" style=\"display: inline-block;\">PABLO GARC\u00cdA BLASCO<\/div><\/div><div class=\"info\" style=\"margin-bottom: 11.5625px;\"><div class=\"etiqueta\" style=\"opacity: 0.5; display: inline-block;\">SUPERFICIE DE PARCELA<\/div><br \/><div class=\"datos\" style=\"display: inline-block;\">27.104 M2<\/div><\/div><div class=\"info\" style=\"margin-bottom: 11.5625px;\"><div class=\"etiqueta\" style=\"opacity: 0.5; display: inline-block;\">SUPERFICIE A EDIFICAR<\/div><br \/><div class=\"datos\" style=\"display: inline-block;\">461,73 M2<\/div><\/div><div class=\"info\" style=\"margin-bottom: 11.5625px;\"><div class=\"etiqueta\" style=\"opacity: 0.5; display: inline-block;\">ENCARGO<\/div><br \/><div class=\"datos\" style=\"display: inline-block;\">PROYECTO B\u00c1SICO Y DE EJECUCI\u00d3N<\/div><\/div><\/div>\t\t\t\t\t<\/div>\n\t\t\t\t\t\t<\/div>\n\t\t\t\t<\/div>\n\t\t\t\t\t\t<\/div>\n\t\t\t\t\t<\/div>\n\t\t<\/div>\n\t\t\t\t\t\t\t\t<\/div>\n\t\t\t\t\t<\/div>\n\t\t<\/section>\n\t\t\t\t\t\t\t\t\t<\/div>\n\t\t\t<\/div>\n\t\t\t\t\t<\/div>\n\t\t","protected":false},"excerpt":{"rendered":"<p>El contenido y memoria del proyecto est\u00e1 disponible en versi\u00f3n de escritorio o PC La parcela est\u00e1 situada en la proximidad a la costa sur de Ibiza, en una ladera boscosa que forma un trapezoide de lados similares orientados seg\u00fan los cuatro puntos cardinales, tiene una superficie de 27.000 m2, con una pendiente pr\u00e1cticamente continua [&hellip;]<\/p>\n","protected":false},"author":1,"featured_media":1565,"comment_status":"open","ping_status":"open","sticky":false,"template":"elementor_canvas","format":"standard","meta":{"_genesis_hide_title":false,"_genesis_hide_breadcrumbs":false,"_genesis_hide_singular_image":false,"_genesis_hide_footer_widgets":false,"_genesis_custom_body_class":"","_genesis_custom_post_class":"","_genesis_layout":""},"categories":[1,6],"tags":[],"_links":{"self":[{"href":"http:\/\/candelarquitectura.com\/estudio\/wp-json\/wp\/v2\/posts\/1559"}],"collection":[{"href":"http:\/\/candelarquitectura.com\/estudio\/wp-json\/wp\/v2\/posts"}],"about":[{"href":"http:\/\/candelarquitectura.com\/estudio\/wp-json\/wp\/v2\/types\/post"}],"author":[{"embeddable":true,"href":"http:\/\/candelarquitectura.com\/estudio\/wp-json\/wp\/v2\/users\/1"}],"replies":[{"embeddable":true,"href":"http:\/\/candelarquitectura.com\/estudio\/wp-json\/wp\/v2\/comments?post=1559"}],"version-history":[{"count":27,"href":"http:\/\/candelarquitectura.com\/estudio\/wp-json\/wp\/v2\/posts\/1559\/revisions"}],"predecessor-version":[{"id":2828,"href":"http:\/\/candelarquitectura.com\/estudio\/wp-json\/wp\/v2\/posts\/1559\/revisions\/2828"}],"wp:featuredmedia":[{"embeddable":true,"href":"http:\/\/candelarquitectura.com\/estudio\/wp-json\/wp\/v2\/media\/1565"}],"wp:attachment":[{"href":"http:\/\/candelarquitectura.com\/estudio\/wp-json\/wp\/v2\/media?parent=1559"}],"wp:term":[{"taxonomy":"category","embeddable":true,"href":"http:\/\/candelarquitectura.com\/estudio\/wp-json\/wp\/v2\/categories?post=1559"},{"taxonomy":"post_tag","embeddable":true,"href":"http:\/\/candelarquitectura.com\/estudio\/wp-json\/wp\/v2\/tags?post=1559"}],"curies":[{"name":"wp","href":"https:\/\/api.w.org\/{rel}","templated":true}]}}