{"id":1919,"date":"2018-06-11T13:19:55","date_gmt":"2018-06-11T13:19:55","guid":{"rendered":"http:\/\/candelarquitectura.com\/estudio\/?p=1919"},"modified":"2018-10-08T22:19:00","modified_gmt":"2018-10-08T22:19:00","slug":"centro-de-especialidades-en-ocana-2003","status":"publish","type":"post","link":"http:\/\/candelarquitectura.com\/estudio\/centro-de-especialidades-en-ocana-2003\/","title":{"rendered":"Centro de Especialidades en Oca\u00f1a 2003"},"content":{"rendered":"\t\t<div data-elementor-type=\"wp-post\" data-elementor-id=\"1919\" class=\"elementor elementor-1919 elementor-bc-flex-widget\">\n\t\t\t\t\t\t<div class=\"elementor-inner\">\n\t\t\t\t<div class=\"elementor-section-wrap\">\n\t\t\t\t\t\t\t\t\t<section class=\"elementor-section elementor-top-section elementor-element elementor-element-25c66c8 elementor-section-height-full elementor-section-items-bottom elementor-section-boxed elementor-section-height-default\" data-id=\"25c66c8\" data-element_type=\"section\">\n\t\t\t\t\t\t<div class=\"elementor-container elementor-column-gap-default\">\n\t\t\t\t\t\t\t<div class=\"elementor-row\">\n\t\t\t\t\t<div class=\"elementor-column elementor-col-50 elementor-top-column elementor-element elementor-element-5c993e11\" data-id=\"5c993e11\" data-element_type=\"column\">\n\t\t\t<div class=\"elementor-column-wrap elementor-element-populated\">\n\t\t\t\t\t\t\t<div class=\"elementor-widget-wrap\">\n\t\t\t\t\t\t<div class=\"elementor-element elementor-element-1aa53486 ee-grid-columns-12 ee-gallery-slider--top ee-grid-columns-tablet-6 ee-grid-columns-mobile-4 elementor-widget elementor-widget-gallery-slider\" data-id=\"1aa53486\" data-element_type=\"widget\" data-settings=\"{&quot;columns&quot;:&quot;12&quot;,&quot;autoplay&quot;:&quot;no&quot;,&quot;effect&quot;:&quot;fade&quot;,&quot;speed&quot;:100,&quot;show_thumbnails&quot;:&quot;yes&quot;,&quot;columns_tablet&quot;:&quot;6&quot;,&quot;columns_mobile&quot;:&quot;4&quot;,&quot;direction&quot;:&quot;ltr&quot;,&quot;infinite&quot;:&quot;yes&quot;,&quot;resistance&quot;:{&quot;unit&quot;:&quot;px&quot;,&quot;size&quot;:0.25,&quot;sizes&quot;:[]},&quot;adaptive_height&quot;:&quot;yes&quot;}\" data-widget_type=\"gallery-slider.default\">\n\t\t\t\t<div class=\"elementor-widget-container\">\n\t\t\t<div class=\"ee-gallery-slider\">\n\t\t\t<div class=\"ee-gallery-slider__preview ee-swiper\" dir=\"ltr\">\n\t\t\t<div class=\"ee-gallery-slider__slider-wrapper\">\n\t\t\t\t<div class=\"swiper-container ee-swiper__container ee-gallery-slider__slider ee-media-align--bottom ee-media-align--justify ee-media-effect__content--\">\n\t\t\t\t\t<div class=\"swiper-wrapper ee-swiper__wrapper\">\n\t\t\t\t\t\t<div class=\"ee-slider__slide ee-swiper__slide swiper-slide\">\n\t\t\t\t<figure class=\"ee-media ee-slider__media ee-swiper__slide__media\">\n\t\t\t\t\t<div class=\"ee-media__wrapper ee-slider__media-wrapper\">\n\t\t\t\t\t\t<div class=\"ee-media__thumbnail ee-slider__media__thumbnail\">\n\t\t\t\t\t\t\t<img decoding=\"async\" alt=\"ocana1\" src=\"http:\/\/candelarquitectura.com\/estudio\/wp-content\/uploads\/2018\/05\/ocana1.jpg\" class=\"ee-media__thumbnail__image\" \/>\n\t\t\t\t\t\t<\/div>\n\t\t\t\t\t\t\t\t\t\t\t<\/div>\n\t\t\t\t<\/figure>\n\t\t\t<\/div><div class=\"ee-slider__slide ee-swiper__slide swiper-slide\">\n\t\t\t\t<figure class=\"ee-media ee-slider__media ee-swiper__slide__media\">\n\t\t\t\t\t<div class=\"ee-media__wrapper ee-slider__media-wrapper\">\n\t\t\t\t\t\t<div class=\"ee-media__thumbnail ee-slider__media__thumbnail\">\n\t\t\t\t\t\t\t<img decoding=\"async\" alt=\"ocana2\" src=\"http:\/\/candelarquitectura.com\/estudio\/wp-content\/uploads\/2018\/05\/ocana2.jpg\" class=\"ee-media__thumbnail__image\" \/>\n\t\t\t\t\t\t<\/div>\n\t\t\t\t\t\t\t\t\t\t\t<\/div>\n\t\t\t\t<\/figure>\n\t\t\t<\/div><div class=\"ee-slider__slide ee-swiper__slide swiper-slide\">\n\t\t\t\t<figure class=\"ee-media ee-slider__media ee-swiper__slide__media\">\n\t\t\t\t\t<div class=\"ee-media__wrapper ee-slider__media-wrapper\">\n\t\t\t\t\t\t<div class=\"ee-media__thumbnail ee-slider__media__thumbnail\">\n\t\t\t\t\t\t\t<img decoding=\"async\" alt=\"ocana3\" src=\"http:\/\/candelarquitectura.com\/estudio\/wp-content\/uploads\/2018\/05\/ocana3.jpg\" class=\"ee-media__thumbnail__image\" \/>\n\t\t\t\t\t\t<\/div>\n\t\t\t\t\t\t\t\t\t\t\t<\/div>\n\t\t\t\t<\/figure>\n\t\t\t<\/div><div class=\"ee-slider__slide ee-swiper__slide swiper-slide\">\n\t\t\t\t<figure class=\"ee-media ee-slider__media ee-swiper__slide__media\">\n\t\t\t\t\t<div class=\"ee-media__wrapper ee-slider__media-wrapper\">\n\t\t\t\t\t\t<div class=\"ee-media__thumbnail ee-slider__media__thumbnail\">\n\t\t\t\t\t\t\t<img decoding=\"async\" alt=\"ocana4\" src=\"http:\/\/candelarquitectura.com\/estudio\/wp-content\/uploads\/2018\/05\/ocana4.jpg\" class=\"ee-media__thumbnail__image\" \/>\n\t\t\t\t\t\t<\/div>\n\t\t\t\t\t\t\t\t\t\t\t<\/div>\n\t\t\t\t<\/figure>\n\t\t\t<\/div>\t\t\t\t\t<\/div>\n\t\t\t\t<\/div><\/div><\/div>\t\t\t<div class=\"ee-gallery-slider__gallery\"><div class=\"ee-grid ee-grid--gallery ee-gallery ee-gallery__gallery ee-media-align-- ee-media-align-- ee-media-effect__content--\">\n\t\t\t\t\t\t\n\t\t\t<div class=\"ee-gallery__item ee-grid__item\">\n\n\t\t\t\t<figure class=\"ee-media ee-gallery__media\">\n\t\t\t\t\t<div class=\"ee-media__wrapper ee-gallery__media-wrapper\">\n\t\t\t\t\t\t<div class=\"ee-media__thumbnail ee-gallery__media__thumbnail\">\n\t\t\t<img width=\"150\" height=\"150\" src=\"http:\/\/candelarquitectura.com\/estudio\/wp-content\/uploads\/2018\/05\/ocana1-150x150.jpg\" class=\"attachment-thumbnail size-thumbnail\" alt=\"\" decoding=\"async\" loading=\"lazy\" \/>\t\t<\/div>\t\t\t\t\t\t<div class=\"ee-media__overlay ee-gallery__media__overlay\"><\/div>\t\t\t\t\t\t\t\t\t\t\t<\/div>\n\t\t\t\t<\/figure>\n\t\t\t\t\n\t\t\t<\/div>\n\n\t\t\n\t\t\t<div class=\"ee-gallery__item ee-grid__item\">\n\n\t\t\t\t<figure class=\"ee-media ee-gallery__media\">\n\t\t\t\t\t<div class=\"ee-media__wrapper ee-gallery__media-wrapper\">\n\t\t\t\t\t\t<div class=\"ee-media__thumbnail ee-gallery__media__thumbnail\">\n\t\t\t<img width=\"150\" height=\"150\" src=\"http:\/\/candelarquitectura.com\/estudio\/wp-content\/uploads\/2018\/05\/ocana2-150x150.jpg\" class=\"attachment-thumbnail size-thumbnail\" alt=\"\" decoding=\"async\" loading=\"lazy\" \/>\t\t<\/div>\t\t\t\t\t\t<div class=\"ee-media__overlay ee-gallery__media__overlay\"><\/div>\t\t\t\t\t\t\t\t\t\t\t<\/div>\n\t\t\t\t<\/figure>\n\t\t\t\t\n\t\t\t<\/div>\n\n\t\t\n\t\t\t<div class=\"ee-gallery__item ee-grid__item\">\n\n\t\t\t\t<figure class=\"ee-media ee-gallery__media\">\n\t\t\t\t\t<div class=\"ee-media__wrapper ee-gallery__media-wrapper\">\n\t\t\t\t\t\t<div class=\"ee-media__thumbnail ee-gallery__media__thumbnail\">\n\t\t\t<img width=\"150\" height=\"150\" src=\"http:\/\/candelarquitectura.com\/estudio\/wp-content\/uploads\/2018\/05\/ocana3-150x150.jpg\" class=\"attachment-thumbnail size-thumbnail\" alt=\"\" decoding=\"async\" loading=\"lazy\" \/>\t\t<\/div>\t\t\t\t\t\t<div class=\"ee-media__overlay ee-gallery__media__overlay\"><\/div>\t\t\t\t\t\t\t\t\t\t\t<\/div>\n\t\t\t\t<\/figure>\n\t\t\t\t\n\t\t\t<\/div>\n\n\t\t\n\t\t\t<div class=\"ee-gallery__item ee-grid__item\">\n\n\t\t\t\t<figure class=\"ee-media ee-gallery__media\">\n\t\t\t\t\t<div class=\"ee-media__wrapper ee-gallery__media-wrapper\">\n\t\t\t\t\t\t<div class=\"ee-media__thumbnail ee-gallery__media__thumbnail\">\n\t\t\t<img width=\"150\" height=\"150\" src=\"http:\/\/candelarquitectura.com\/estudio\/wp-content\/uploads\/2018\/05\/ocana4-150x150.jpg\" class=\"attachment-thumbnail size-thumbnail\" alt=\"\" decoding=\"async\" loading=\"lazy\" \/>\t\t<\/div>\t\t\t\t\t\t<div class=\"ee-media__overlay ee-gallery__media__overlay\"><\/div>\t\t\t\t\t\t\t\t\t\t\t<\/div>\n\t\t\t\t<\/figure>\n\t\t\t\t\n\t\t\t<\/div>\n\n\t\t\t\t\t\t\t<\/div><\/div>\n\t\t<\/div>\t\t<\/div>\n\t\t\t\t<\/div>\n\t\t\t\t<div class=\"elementor-element elementor-element-566deecf elementor-widget elementor-widget-theme-post-title elementor-page-title elementor-widget-heading\" data-id=\"566deecf\" data-element_type=\"widget\" data-widget_type=\"theme-post-title.default\">\n\t\t\t\t<div class=\"elementor-widget-container\">\n\t\t\t<h6 class=\"elementor-heading-title elementor-size-default\">Centro de Especialidades en Oca\u00f1a 2003<\/h6>\t\t<\/div>\n\t\t\t\t<\/div>\n\t\t\t\t<div class=\"elementor-element elementor-element-16cefdd8 elementor-hidden-desktop elementor-hidden-tablet elementor-widget elementor-widget-text-editor\" data-id=\"16cefdd8\" data-element_type=\"widget\" data-widget_type=\"text-editor.default\">\n\t\t\t\t<div class=\"elementor-widget-container\">\n\t\t\t\t\t\t\t\t<div class=\"elementor-text-editor elementor-clearfix\">\n\t\t\t\t<p>El contenido y memoria del proyecto est\u00e1 disponible en versi\u00f3n de escritorio o PC<\/p>\t\t\t\t\t<\/div>\n\t\t\t\t\t\t<\/div>\n\t\t\t\t<\/div>\n\t\t\t\t\t\t<\/div>\n\t\t\t\t\t<\/div>\n\t\t<\/div>\n\t\t\t\t<div class=\"elementor-column elementor-col-50 elementor-top-column elementor-element elementor-element-58852efd\" data-id=\"58852efd\" data-element_type=\"column\">\n\t\t\t<div class=\"elementor-column-wrap elementor-element-populated\">\n\t\t\t\t\t\t\t<div class=\"elementor-widget-wrap\">\n\t\t\t\t\t\t<div class=\"elementor-element elementor-element-5f5e4031 elementor-hidden-phone elementor-widget elementor-widget-image\" data-id=\"5f5e4031\" data-element_type=\"widget\" data-widget_type=\"image.default\">\n\t\t\t\t<div class=\"elementor-widget-container\">\n\t\t\t\t\t\t\t\t<div class=\"elementor-image\">\n\t\t\t\t\t\t\t\t\t\t\t\t\t<a href=\"#memoria\">\n\t\t\t\t\t\t\t<img decoding=\"async\" width=\"109\" height=\"37\" src=\"http:\/\/candelarquitectura.com\/estudio\/wp-content\/uploads\/2018\/05\/abajo.png\" class=\"attachment-large size-large wp-image-11\" alt=\"\" loading=\"lazy\" \/>\t\t\t\t\t\t\t\t<\/a>\n\t\t\t\t\t\t\t\t\t\t\t\t\t\t<\/div>\n\t\t\t\t\t\t<\/div>\n\t\t\t\t<\/div>\n\t\t\t\t\t\t<\/div>\n\t\t\t\t\t<\/div>\n\t\t<\/div>\n\t\t\t\t\t\t\t\t<\/div>\n\t\t\t\t\t<\/div>\n\t\t<\/section>\n\t\t\t\t<section class=\"elementor-section elementor-top-section elementor-element elementor-element-1aa1e17b elementor-section-height-min-height elementor-section-stretched elementor-hidden-phone elementor-section-boxed elementor-section-height-default elementor-section-items-middle\" data-id=\"1aa1e17b\" data-element_type=\"section\" id=\"memoria\" data-settings=\"{&quot;background_background&quot;:&quot;classic&quot;,&quot;stretch_section&quot;:&quot;section-stretched&quot;}\">\n\t\t\t\t\t\t<div class=\"elementor-container elementor-column-gap-wide\">\n\t\t\t\t\t\t\t<div class=\"elementor-row\">\n\t\t\t\t\t<div class=\"elementor-column elementor-col-50 elementor-top-column elementor-element elementor-element-4382d0fa\" data-id=\"4382d0fa\" data-element_type=\"column\">\n\t\t\t<div class=\"elementor-column-wrap elementor-element-populated\">\n\t\t\t\t\t\t\t<div class=\"elementor-widget-wrap\">\n\t\t\t\t\t\t<div class=\"elementor-element elementor-element-2e4d21bb elementor-widget elementor-widget-text-editor\" data-id=\"2e4d21bb\" data-element_type=\"widget\" data-widget_type=\"text-editor.default\">\n\t\t\t\t<div class=\"elementor-widget-container\">\n\t\t\t\t\t\t\t\t<div class=\"elementor-text-editor elementor-clearfix\">\n\t\t\t\t<p style=\"text-align: justify;\"><img decoding=\"async\" loading=\"lazy\" class=\"aligncenter size-large wp-image-944\" src=\"http:\/\/candelarquitectura.com\/estudio\/wp-content\/uploads\/2018\/05\/ocanamem1-1024x252.jpg\" alt=\"\" width=\"702\" height=\"173\" srcset=\"http:\/\/candelarquitectura.com\/estudio\/wp-content\/uploads\/2018\/05\/ocanamem1.jpg 1024w, http:\/\/candelarquitectura.com\/estudio\/wp-content\/uploads\/2018\/05\/ocanamem1-300x74.jpg 300w, http:\/\/candelarquitectura.com\/estudio\/wp-content\/uploads\/2018\/05\/ocanamem1-768x189.jpg 768w\" sizes=\"(max-width: 702px) 100vw, 702px\" \/><\/p><p>CRITERIO DE ORDENANCI\u00d3\u0301N GENERAL:<\/p><p><strong>&#8211;\u00a0<a class=\"destacado\">Conservaci\u00f3n del edificio<\/a><\/strong>\u00a0existente asegurando el\u00a0<strong><a class=\"destacado\">m\u00e1ximo aprovechamiento<\/a><\/strong>\u00a0mediante la reforma integral del mismo.<\/p><p>&#8211; Creaci\u00f3n de un\u00a0<strong><a class=\"destacado\">nuevo edificio de car\u00e1cter compacto<\/a><\/strong>\u00a0que albergue las \u00e1reas especializadas: urgencias, quir\u00f3fanos, radiolog\u00ed\u0301a y \u00e1rea de atenci\u00f3n especializada.<\/p><p><strong>&#8211;\u00a0<a class=\"destacado\">Enlazar ambas edificaciones<\/a><\/strong>\u00a0mediante una\u00a0<strong><a class=\"destacado\">secuencia de recorrido p\u00fablico<\/a>\u00a0<\/strong>desde el acceso al centro de salud hasta la entrada de urgencias.<\/p><p>&#8211; Provocar un vaciado perpendicular al edificio actual que permita conectar los dos edificios a nivel de funcionamiento interno: instalaciones, almacenes, vestuarios y aparcamientos del personal sanitario.<\/p><p><strong>&#8211;\u00a0<a class=\"destacado\">Segregaci\u00f3n de las circulaciones interiores, de los pacientes ambulantes y del personal.<\/a><\/strong><\/p><p>&#8211; \u00d3\u0301ptima relaci\u00f3n funcional y espacial entre los distintos servicios y unidades de acuerdo con la matriz de relaciones que se deduce del programa funcional aportado, obteniendo los mejores rendimientos y la mejor atenci\u00f3n a los pacientes y calidad ambiental de los diferentes espacios que sirven a los distintos usuarios: pacientes, acompa\u00f1antes, personal.<\/p><p>&#8211; Dotaci\u00f3n de un n\u00famero adecuado de plazas de aparcamiento de veh\u00edculos dentro de las posibilidades del solar.<\/p>\t\t\t\t\t<\/div>\n\t\t\t\t\t\t<\/div>\n\t\t\t\t<\/div>\n\t\t\t\t<div class=\"elementor-element elementor-element-491107c3 elementor-arrows-position-outside elementor-pagination-position-outside elementor-widget elementor-widget-image-carousel\" data-id=\"491107c3\" data-element_type=\"widget\" data-settings=\"{&quot;slides_to_show&quot;:&quot;1&quot;,&quot;autoplay&quot;:&quot;no&quot;,&quot;infinite&quot;:&quot;no&quot;,&quot;effect&quot;:&quot;fade&quot;,&quot;speed&quot;:0,&quot;navigation&quot;:&quot;both&quot;}\" data-widget_type=\"image-carousel.default\">\n\t\t\t\t<div class=\"elementor-widget-container\">\n\t\t\t\t\t<div class=\"elementor-image-carousel-wrapper swiper-container\" dir=\"ltr\">\n\t\t\t<div class=\"elementor-image-carousel swiper-wrapper\">\n\t\t\t\t\t\t\t\t<div class=\"swiper-slide\"><figure class=\"swiper-slide-inner\"><img decoding=\"async\" class=\"swiper-slide-image\" src=\"http:\/\/candelarquitectura.com\/estudio\/wp-content\/uploads\/2018\/05\/ocanaseca1-768x1007.jpg\" alt=\"F:WebCentro de Especialidades en Oca\u00f1aRetoquesPlantasPlant\" \/><\/figure><\/div><div class=\"swiper-slide\"><figure class=\"swiper-slide-inner\"><img decoding=\"async\" class=\"swiper-slide-image\" src=\"http:\/\/candelarquitectura.com\/estudio\/wp-content\/uploads\/2018\/05\/ocanaseca2-768x1007.jpg\" alt=\"F:WebCentro de Especialidades en Oca\u00f1aRetoquesPlantasPlant\" \/><\/figure><\/div><div class=\"swiper-slide\"><figure class=\"swiper-slide-inner\"><img decoding=\"async\" class=\"swiper-slide-image\" src=\"http:\/\/candelarquitectura.com\/estudio\/wp-content\/uploads\/2018\/05\/ocanaseca3-768x1007.jpg\" alt=\"F:WebCentro de Especialidades en Oca\u00f1aRetoquesPlantasPlant\" \/><\/figure><\/div>\t\t\t<\/div>\n\t\t\t\t\t\t\t\t\t\t\t\t<div class=\"swiper-pagination\"><\/div>\n\t\t\t\t\t\t\t\t\t\t\t\t\t<div class=\"elementor-swiper-button elementor-swiper-button-prev\">\n\t\t\t\t\t\t<i aria-hidden=\"true\" class=\"eicon-chevron-left\"><\/i>\t\t\t\t\t\t<span class=\"elementor-screen-only\">Anterior<\/span>\n\t\t\t\t\t<\/div>\n\t\t\t\t\t<div class=\"elementor-swiper-button elementor-swiper-button-next\">\n\t\t\t\t\t\t<i aria-hidden=\"true\" class=\"eicon-chevron-right\"><\/i>\t\t\t\t\t\t<span class=\"elementor-screen-only\">Siguiente<\/span>\n\t\t\t\t\t<\/div>\n\t\t\t\t\t\t\t\t\t<\/div>\n\t\t\t\t<\/div>\n\t\t\t\t<\/div>\n\t\t\t\t<div class=\"elementor-element elementor-element-68c73aa elementor-widget elementor-widget-text-editor\" data-id=\"68c73aa\" data-element_type=\"widget\" data-widget_type=\"text-editor.default\">\n\t\t\t\t<div class=\"elementor-widget-container\">\n\t\t\t\t\t\t\t\t<div class=\"elementor-text-editor elementor-clearfix\">\n\t\t\t\t<p style=\"text-align: justify;\"><img decoding=\"async\" loading=\"lazy\" class=\"aligncenter size-large wp-image-946\" src=\"http:\/\/candelarquitectura.com\/estudio\/wp-content\/uploads\/2018\/05\/ocanamem2-1024x473.jpg\" alt=\"\" width=\"702\" height=\"324\" srcset=\"http:\/\/candelarquitectura.com\/estudio\/wp-content\/uploads\/2018\/05\/ocanamem2.jpg 1024w, http:\/\/candelarquitectura.com\/estudio\/wp-content\/uploads\/2018\/05\/ocanamem2-300x139.jpg 300w, http:\/\/candelarquitectura.com\/estudio\/wp-content\/uploads\/2018\/05\/ocanamem2-768x355.jpg 768w\" sizes=\"(max-width: 702px) 100vw, 702px\" \/><\/p><p>\u00a0<\/p><p>CONCLUSIONES:<\/p><p>&#8211; Adecuaci\u00f3n de la propuesta a las caracter\u00ed\u0301sticas del solar, a la\u00a0<a class=\"destacado\"><strong>presencia del edificio existente<\/strong>,<\/a>\u00a0al\u00a0<strong><a class=\"destacado\">programa funcional y econom\u00ed\u0301a de medios<\/a><\/strong>\u00a0requerida:<\/p><p>&#8211; Entendemos que el gran acierto de la propuesta consiste en rentabilizar al m\u00e1ximo la presencia del\u00a0<strong><a class=\"destacado\">edificio antiguo<\/a><\/strong>\u00a0colegio de los Jesuitas, situando en \u00e9l, precisamente aquellas \u00e1reas cuya funcionalidad es m\u00e1s adecuada a la ocupaci\u00f3n de este edificio y cuyo uso se puede entender como espec\u00edfico e independiente de las unidades del centro:\u00a0<strong><a class=\"destacado\">centro de salud.<\/a><\/strong><\/p><p>&#8211; As\u00ed\u0301 mismo el concentrar en una \u00fanica edificaci\u00f3n no dispersa todas las \u00e1reas que suponen una atenci\u00f3n especializada y que son el objeto esencial de este centro, permite con una gran econom\u00ed\u0301a de medios y de ocupaci\u00f3n en planta resolver el programa de forma absolutamente eficaz en cuanto a claridad de circulaciones, versatilidad de su distribuci\u00f3n y evidente ahorro energ\u00e9tico, con un edificio tecnol\u00f3gico que pone en valor por proximidad al edificio existente en un di\u00e1logo temporal sobre dos formas de hacer arquitectura.<\/p><p>&#8211; As\u00ed\u0301 mismo el concentrar en una \u00fanica\u00a0<strong><a class=\"destacado\">edificaci\u00f3n no dispersa<\/a><\/strong>\u00a0todas las \u00e1reas que suponen una atenci\u00f3n especializada y que son el objeto esencial de este centro, permite con una gran\u00a0<strong><a class=\"destacado\">econom\u00ed\u0301a de medios<\/a><\/strong>\u00a0y de ocupaci\u00f3n en planta resolver el programa de forma absolutamente eficaz en cuanto a\u00a0<strong><a class=\"destacado\">claridad de circulaciones, versatilidad de su distribuci\u00f3n<\/a><\/strong>\u00a0y evidente\u00a0<a class=\"destacado\"><strong>ahorro energ\u00e9tico<\/strong>,<\/a>\u00a0con un edificio tecnol\u00f3gico que pone en valor por proximidad al edificio existente en un di\u00e1logo temporal sobre dos formas de hacer arquitectura.<\/p><p>Ambos edificios quedan encadenados por una\u00a0<a class=\"destacado\"><strong>p\u00e9rgola de acceso<\/strong> continua<\/a>\u00a0que recae al espacio exterior,\u00a0<a class=\"destacado\"><strong>plaza de acceso<\/strong>,<\/a>\u00a0ba\u00f1ado por la luz del sureste desde donde se lee de una vez toda la actuaci\u00f3n.<\/p><p>\u00a0<\/p><p><img decoding=\"async\" loading=\"lazy\" class=\"aligncenter size-large wp-image-947\" src=\"http:\/\/candelarquitectura.com\/estudio\/wp-content\/uploads\/2018\/05\/ocanamem3-1024x549.jpg\" alt=\"\" width=\"702\" height=\"376\" srcset=\"http:\/\/candelarquitectura.com\/estudio\/wp-content\/uploads\/2018\/05\/ocanamem3.jpg 1024w, http:\/\/candelarquitectura.com\/estudio\/wp-content\/uploads\/2018\/05\/ocanamem3-300x161.jpg 300w, http:\/\/candelarquitectura.com\/estudio\/wp-content\/uploads\/2018\/05\/ocanamem3-768x412.jpg 768w\" sizes=\"(max-width: 702px) 100vw, 702px\" \/><\/p>\t\t\t\t\t<\/div>\n\t\t\t\t\t\t<\/div>\n\t\t\t\t<\/div>\n\t\t\t\t<div class=\"elementor-element elementor-element-1ae62704 elementor-widget elementor-widget-spacer\" data-id=\"1ae62704\" data-element_type=\"widget\" data-widget_type=\"spacer.default\">\n\t\t\t\t<div class=\"elementor-widget-container\">\n\t\t\t\t\t<div class=\"elementor-spacer\">\n\t\t\t<div class=\"elementor-spacer-inner\"><\/div>\n\t\t<\/div>\n\t\t\t\t<\/div>\n\t\t\t\t<\/div>\n\t\t\t\t\t\t<\/div>\n\t\t\t\t\t<\/div>\n\t\t<\/div>\n\t\t\t\t<div class=\"elementor-column elementor-col-50 elementor-top-column elementor-element elementor-element-b628efb\" data-id=\"b628efb\" data-element_type=\"column\">\n\t\t\t<div class=\"elementor-column-wrap elementor-element-populated\">\n\t\t\t\t\t\t\t<div class=\"elementor-widget-wrap\">\n\t\t\t\t\t\t<div class=\"elementor-element elementor-element-58b36bfc elementor-widget elementor-widget-text-editor\" data-id=\"58b36bfc\" data-element_type=\"widget\" data-widget_type=\"text-editor.default\">\n\t\t\t\t<div class=\"elementor-widget-container\">\n\t\t\t\t\t\t\t\t<div class=\"elementor-text-editor elementor-clearfix\">\n\t\t\t\t<div><div><div><div id=\"datos1\" style=\"color: #000000; left: 0px; position: relative; top: 0px; width: 222.734px; font-family: Arial, Helvetica, sans-serif;\"><div class=\"info\" style=\"margin-bottom: 11.125px;\"><div class=\"etiqueta\" style=\"opacity: 0.5; display: inline-block;\">PROYECTO<\/div>\u00a0<br \/><div class=\"datos\" style=\"display: inline-block;\">CENTRO DE ESPECIALIDADES EN OCA\u00d1A<\/div><\/div><div class=\"info\" style=\"margin-bottom: 11.125px;\"><div class=\"etiqueta\" style=\"opacity: 0.5; display: inline-block;\">TIPOLOG\u00cdA<\/div><br \/><div class=\"datos\" style=\"display: inline-block;\">SANITARIA &#8211; REFORMA + AMPLIACI\u00d3N<\/div><\/div><div class=\"info\" style=\"margin-bottom: 11.125px;\"><div class=\"etiqueta\" style=\"opacity: 0.5; display: inline-block;\">EMPLAZAMIENTO<\/div><br \/><div class=\"datos\" style=\"display: inline-block;\">OCA\u00d1A (TOLEDO)<\/div><\/div><div class=\"info\" style=\"margin-bottom: 11.125px;\"><div class=\"etiqueta\" style=\"opacity: 0.5; display: inline-block;\">A\u00d1O DE CONSTRUCCI\u00d3N<\/div><br \/><div class=\"datos\" style=\"display: inline-block;\">2003<\/div><\/div><\/div><div id=\"datos2\" style=\"color: #000000; left: 0px; position: relative; top: 0px; width: 222.734px; font-family: Arial, Helvetica, sans-serif;\"><div class=\"info\" style=\"margin-bottom: 11.125px;\"><div class=\"etiqueta\" style=\"opacity: 0.5; display: inline-block;\">PROMOTOR<\/div><br \/><div class=\"datos\" style=\"display: inline-block;\">SESCAM<\/div><\/div><div class=\"info\" style=\"margin-bottom: 11.125px;\"><div class=\"etiqueta\" style=\"opacity: 0.5; display: inline-block;\">ARQUITECTO<\/div>\u00a0<br \/><div class=\"datos\" style=\"display: inline-block;\">FRANCISCO CANDEL JIM\u00c9NEZ<\/div><\/div><div class=\"info\" style=\"margin-bottom: 11.125px;\"><div class=\"etiqueta\" style=\"opacity: 0.5; display: inline-block;\">ARQUITECTO COLABORADOR<\/div>\u00a0<br \/><div class=\"datos\" style=\"display: inline-block;\">JUAN VALVERDE BLEDA<\/div><\/div><div class=\"info\" style=\"margin-bottom: 11.125px;\"><div class=\"etiqueta\" style=\"opacity: 0.5; display: inline-block;\">ENCARGO<\/div>\u00a0<br \/><div class=\"datos\" style=\"display: inline-block;\">CONCURSO<\/div><\/div><div class=\"info\" style=\"margin-bottom: 11.125px;\"><div class=\"etiqueta\" style=\"opacity: 0.5; display: inline-block;\">SUPERFICIE DE PARCELA<\/div><br \/><div class=\"datos\" style=\"display: inline-block;\">6200 M2<\/div><\/div><div class=\"info\" style=\"margin-bottom: 11.125px;\"><div class=\"etiqueta\" style=\"opacity: 0.5; display: inline-block;\">SUPERFICIE A EDIFICAR<\/div><br \/><div class=\"datos\" style=\"display: inline-block;\">1518 M2 + 3251 M2<\/div><\/div><div class=\"info\" style=\"margin-bottom: 11.125px;\"><div class=\"etiqueta\" style=\"opacity: 0.5; display: inline-block;\">PRESUPUESTO<\/div><br \/><div class=\"datos\" style=\"display: inline-block;\">4.021.295 \u20ac<\/div><\/div><\/div><\/div><\/div><\/div>\t\t\t\t\t<\/div>\n\t\t\t\t\t\t<\/div>\n\t\t\t\t<\/div>\n\t\t\t\t\t\t<\/div>\n\t\t\t\t\t<\/div>\n\t\t<\/div>\n\t\t\t\t\t\t\t\t<\/div>\n\t\t\t\t\t<\/div>\n\t\t<\/section>\n\t\t\t\t\t\t\t\t\t<\/div>\n\t\t\t<\/div>\n\t\t\t\t\t<\/div>\n\t\t","protected":false},"excerpt":{"rendered":"<p>El contenido y memoria del proyecto est\u00e1 disponible en versi\u00f3n de escritorio o PC CRITERIO DE ORDENANCI\u00d3\u0301N GENERAL: &#8211;\u00a0Conservaci\u00f3n del edificio\u00a0existente asegurando el\u00a0m\u00e1ximo aprovechamiento\u00a0mediante la reforma integral del mismo. &#8211; Creaci\u00f3n de un\u00a0nuevo edificio de car\u00e1cter compacto\u00a0que albergue las \u00e1reas especializadas: urgencias, quir\u00f3fanos, radiolog\u00ed\u0301a y \u00e1rea de atenci\u00f3n especializada. &#8211;\u00a0Enlazar ambas edificaciones\u00a0mediante una\u00a0secuencia de recorrido [&hellip;]<\/p>\n","protected":false},"author":1,"featured_media":940,"comment_status":"open","ping_status":"open","sticky":false,"template":"elementor_canvas","format":"standard","meta":{"_genesis_hide_title":false,"_genesis_hide_breadcrumbs":false,"_genesis_hide_singular_image":false,"_genesis_hide_footer_widgets":false,"_genesis_custom_body_class":"","_genesis_custom_post_class":"","_genesis_layout":""},"categories":[1,7],"tags":[],"_links":{"self":[{"href":"http:\/\/candelarquitectura.com\/estudio\/wp-json\/wp\/v2\/posts\/1919"}],"collection":[{"href":"http:\/\/candelarquitectura.com\/estudio\/wp-json\/wp\/v2\/posts"}],"about":[{"href":"http:\/\/candelarquitectura.com\/estudio\/wp-json\/wp\/v2\/types\/post"}],"author":[{"embeddable":true,"href":"http:\/\/candelarquitectura.com\/estudio\/wp-json\/wp\/v2\/users\/1"}],"replies":[{"embeddable":true,"href":"http:\/\/candelarquitectura.com\/estudio\/wp-json\/wp\/v2\/comments?post=1919"}],"version-history":[{"count":12,"href":"http:\/\/candelarquitectura.com\/estudio\/wp-json\/wp\/v2\/posts\/1919\/revisions"}],"predecessor-version":[{"id":2839,"href":"http:\/\/candelarquitectura.com\/estudio\/wp-json\/wp\/v2\/posts\/1919\/revisions\/2839"}],"wp:featuredmedia":[{"embeddable":true,"href":"http:\/\/candelarquitectura.com\/estudio\/wp-json\/wp\/v2\/media\/940"}],"wp:attachment":[{"href":"http:\/\/candelarquitectura.com\/estudio\/wp-json\/wp\/v2\/media?parent=1919"}],"wp:term":[{"taxonomy":"category","embeddable":true,"href":"http:\/\/candelarquitectura.com\/estudio\/wp-json\/wp\/v2\/categories?post=1919"},{"taxonomy":"post_tag","embeddable":true,"href":"http:\/\/candelarquitectura.com\/estudio\/wp-json\/wp\/v2\/tags?post=1919"}],"curies":[{"name":"wp","href":"https:\/\/api.w.org\/{rel}","templated":true}]}}