{"id":2038,"date":"2018-06-12T09:58:58","date_gmt":"2018-06-12T09:58:58","guid":{"rendered":"http:\/\/candelarquitectura.com\/estudio\/?p=2038"},"modified":"2018-10-08T22:23:28","modified_gmt":"2018-10-08T22:23:28","slug":"fabrica-de-harinas-2000","status":"publish","type":"post","link":"http:\/\/candelarquitectura.com\/estudio\/fabrica-de-harinas-2000\/","title":{"rendered":"F\u00e1brica de Harinas 2000"},"content":{"rendered":"\t\t<div data-elementor-type=\"wp-post\" data-elementor-id=\"2038\" class=\"elementor elementor-2038 elementor-bc-flex-widget\">\n\t\t\t\t\t\t<div class=\"elementor-inner\">\n\t\t\t\t<div class=\"elementor-section-wrap\">\n\t\t\t\t\t\t\t\t\t<section class=\"elementor-section elementor-top-section elementor-element elementor-element-6fe5c666 elementor-section-height-full elementor-section-items-bottom elementor-section-boxed elementor-section-height-default\" data-id=\"6fe5c666\" data-element_type=\"section\">\n\t\t\t\t\t\t<div class=\"elementor-container elementor-column-gap-default\">\n\t\t\t\t\t\t\t<div class=\"elementor-row\">\n\t\t\t\t\t<div class=\"elementor-column elementor-col-50 elementor-top-column elementor-element elementor-element-4e991184\" data-id=\"4e991184\" data-element_type=\"column\">\n\t\t\t<div class=\"elementor-column-wrap elementor-element-populated\">\n\t\t\t\t\t\t\t<div class=\"elementor-widget-wrap\">\n\t\t\t\t\t\t<div class=\"elementor-element elementor-element-7ce51190 ee-grid-columns-12 ee-gallery-slider--top ee-grid-columns-tablet-6 ee-grid-columns-mobile-4 elementor-widget elementor-widget-gallery-slider\" data-id=\"7ce51190\" data-element_type=\"widget\" data-settings=\"{&quot;columns&quot;:&quot;12&quot;,&quot;autoplay&quot;:&quot;no&quot;,&quot;effect&quot;:&quot;fade&quot;,&quot;speed&quot;:100,&quot;show_thumbnails&quot;:&quot;yes&quot;,&quot;columns_tablet&quot;:&quot;6&quot;,&quot;columns_mobile&quot;:&quot;4&quot;,&quot;direction&quot;:&quot;ltr&quot;,&quot;infinite&quot;:&quot;yes&quot;,&quot;resistance&quot;:{&quot;unit&quot;:&quot;px&quot;,&quot;size&quot;:0.25,&quot;sizes&quot;:[]},&quot;adaptive_height&quot;:&quot;yes&quot;}\" data-widget_type=\"gallery-slider.default\">\n\t\t\t\t<div class=\"elementor-widget-container\">\n\t\t\t<div class=\"ee-gallery-slider\">\n\t\t\t<div class=\"ee-gallery-slider__preview ee-swiper\" dir=\"ltr\">\n\t\t\t<div class=\"ee-gallery-slider__slider-wrapper\">\n\t\t\t\t<div class=\"swiper-container ee-swiper__container ee-gallery-slider__slider ee-media-align--bottom ee-media-align--justify ee-media-effect__content--\">\n\t\t\t\t\t<div class=\"swiper-wrapper ee-swiper__wrapper\">\n\t\t\t\t\t\t<div class=\"ee-slider__slide ee-swiper__slide swiper-slide\">\n\t\t\t\t<figure class=\"ee-media ee-slider__media ee-swiper__slide__media\">\n\t\t\t\t\t<div class=\"ee-media__wrapper ee-slider__media-wrapper\">\n\t\t\t\t\t\t<div class=\"ee-media__thumbnail ee-slider__media__thumbnail\">\n\t\t\t\t\t\t\t<img decoding=\"async\" alt=\"fabricaharinas1\" src=\"http:\/\/candelarquitectura.com\/estudio\/wp-content\/uploads\/2018\/05\/fabricaharinas1.jpg\" class=\"ee-media__thumbnail__image\" \/>\n\t\t\t\t\t\t<\/div>\n\t\t\t\t\t\t\t\t\t\t\t<\/div>\n\t\t\t\t<\/figure>\n\t\t\t<\/div><div class=\"ee-slider__slide ee-swiper__slide swiper-slide\">\n\t\t\t\t<figure class=\"ee-media ee-slider__media ee-swiper__slide__media\">\n\t\t\t\t\t<div class=\"ee-media__wrapper ee-slider__media-wrapper\">\n\t\t\t\t\t\t<div class=\"ee-media__thumbnail ee-slider__media__thumbnail\">\n\t\t\t\t\t\t\t<img decoding=\"async\" alt=\"fabricaharinas2\" src=\"http:\/\/candelarquitectura.com\/estudio\/wp-content\/uploads\/2018\/05\/fabricaharinas2.jpg\" class=\"ee-media__thumbnail__image\" \/>\n\t\t\t\t\t\t<\/div>\n\t\t\t\t\t\t\t\t\t\t\t<\/div>\n\t\t\t\t<\/figure>\n\t\t\t<\/div><div class=\"ee-slider__slide ee-swiper__slide swiper-slide\">\n\t\t\t\t<figure class=\"ee-media ee-slider__media ee-swiper__slide__media\">\n\t\t\t\t\t<div class=\"ee-media__wrapper ee-slider__media-wrapper\">\n\t\t\t\t\t\t<div class=\"ee-media__thumbnail ee-slider__media__thumbnail\">\n\t\t\t\t\t\t\t<img decoding=\"async\" alt=\"fabricaharinas3\" src=\"http:\/\/candelarquitectura.com\/estudio\/wp-content\/uploads\/2018\/05\/fabricaharinas3.jpg\" class=\"ee-media__thumbnail__image\" \/>\n\t\t\t\t\t\t<\/div>\n\t\t\t\t\t\t\t\t\t\t\t<\/div>\n\t\t\t\t<\/figure>\n\t\t\t<\/div><div class=\"ee-slider__slide ee-swiper__slide swiper-slide\">\n\t\t\t\t<figure class=\"ee-media ee-slider__media ee-swiper__slide__media\">\n\t\t\t\t\t<div class=\"ee-media__wrapper ee-slider__media-wrapper\">\n\t\t\t\t\t\t<div class=\"ee-media__thumbnail ee-slider__media__thumbnail\">\n\t\t\t\t\t\t\t<img decoding=\"async\" alt=\"fabricaharinas4\" src=\"http:\/\/candelarquitectura.com\/estudio\/wp-content\/uploads\/2018\/05\/fabricaharinas4.jpg\" class=\"ee-media__thumbnail__image\" \/>\n\t\t\t\t\t\t<\/div>\n\t\t\t\t\t\t\t\t\t\t\t<\/div>\n\t\t\t\t<\/figure>\n\t\t\t<\/div>\t\t\t\t\t<\/div>\n\t\t\t\t<\/div><\/div><\/div>\t\t\t<div class=\"ee-gallery-slider__gallery\"><div class=\"ee-grid ee-grid--gallery ee-gallery ee-gallery__gallery ee-media-align-- ee-media-align-- ee-media-effect__content--\">\n\t\t\t\t\t\t\n\t\t\t<div class=\"ee-gallery__item ee-grid__item\">\n\n\t\t\t\t<figure class=\"ee-media ee-gallery__media\">\n\t\t\t\t\t<div class=\"ee-media__wrapper ee-gallery__media-wrapper\">\n\t\t\t\t\t\t<div class=\"ee-media__thumbnail ee-gallery__media__thumbnail\">\n\t\t\t<img width=\"150\" height=\"150\" src=\"http:\/\/candelarquitectura.com\/estudio\/wp-content\/uploads\/2018\/05\/fabricaharinas1-150x150.jpg\" class=\"attachment-thumbnail size-thumbnail\" alt=\"\" decoding=\"async\" loading=\"lazy\" \/>\t\t<\/div>\t\t\t\t\t\t<div class=\"ee-media__overlay ee-gallery__media__overlay\"><\/div>\t\t\t\t\t\t\t\t\t\t\t<\/div>\n\t\t\t\t<\/figure>\n\t\t\t\t\n\t\t\t<\/div>\n\n\t\t\n\t\t\t<div class=\"ee-gallery__item ee-grid__item\">\n\n\t\t\t\t<figure class=\"ee-media ee-gallery__media\">\n\t\t\t\t\t<div class=\"ee-media__wrapper ee-gallery__media-wrapper\">\n\t\t\t\t\t\t<div class=\"ee-media__thumbnail ee-gallery__media__thumbnail\">\n\t\t\t<img width=\"150\" height=\"150\" src=\"http:\/\/candelarquitectura.com\/estudio\/wp-content\/uploads\/2018\/05\/fabricaharinas2-150x150.jpg\" class=\"attachment-thumbnail size-thumbnail\" alt=\"\" decoding=\"async\" loading=\"lazy\" \/>\t\t<\/div>\t\t\t\t\t\t<div class=\"ee-media__overlay ee-gallery__media__overlay\"><\/div>\t\t\t\t\t\t\t\t\t\t\t<\/div>\n\t\t\t\t<\/figure>\n\t\t\t\t\n\t\t\t<\/div>\n\n\t\t\n\t\t\t<div class=\"ee-gallery__item ee-grid__item\">\n\n\t\t\t\t<figure class=\"ee-media ee-gallery__media\">\n\t\t\t\t\t<div class=\"ee-media__wrapper ee-gallery__media-wrapper\">\n\t\t\t\t\t\t<div class=\"ee-media__thumbnail ee-gallery__media__thumbnail\">\n\t\t\t<img width=\"150\" height=\"150\" src=\"http:\/\/candelarquitectura.com\/estudio\/wp-content\/uploads\/2018\/05\/fabricaharinas3-150x150.jpg\" class=\"attachment-thumbnail size-thumbnail\" alt=\"\" decoding=\"async\" loading=\"lazy\" \/>\t\t<\/div>\t\t\t\t\t\t<div class=\"ee-media__overlay ee-gallery__media__overlay\"><\/div>\t\t\t\t\t\t\t\t\t\t\t<\/div>\n\t\t\t\t<\/figure>\n\t\t\t\t\n\t\t\t<\/div>\n\n\t\t\n\t\t\t<div class=\"ee-gallery__item ee-grid__item\">\n\n\t\t\t\t<figure class=\"ee-media ee-gallery__media\">\n\t\t\t\t\t<div class=\"ee-media__wrapper ee-gallery__media-wrapper\">\n\t\t\t\t\t\t<div class=\"ee-media__thumbnail ee-gallery__media__thumbnail\">\n\t\t\t<img width=\"150\" height=\"150\" src=\"http:\/\/candelarquitectura.com\/estudio\/wp-content\/uploads\/2018\/05\/fabricaharinas4-150x150.jpg\" class=\"attachment-thumbnail size-thumbnail\" alt=\"\" decoding=\"async\" loading=\"lazy\" \/>\t\t<\/div>\t\t\t\t\t\t<div class=\"ee-media__overlay ee-gallery__media__overlay\"><\/div>\t\t\t\t\t\t\t\t\t\t\t<\/div>\n\t\t\t\t<\/figure>\n\t\t\t\t\n\t\t\t<\/div>\n\n\t\t\t\t\t\t\t<\/div><\/div>\n\t\t<\/div>\t\t<\/div>\n\t\t\t\t<\/div>\n\t\t\t\t<div class=\"elementor-element elementor-element-27872ccb elementor-widget elementor-widget-theme-post-title elementor-page-title elementor-widget-heading\" data-id=\"27872ccb\" data-element_type=\"widget\" data-widget_type=\"theme-post-title.default\">\n\t\t\t\t<div class=\"elementor-widget-container\">\n\t\t\t<h6 class=\"elementor-heading-title elementor-size-default\">F\u00e1brica de Harinas 2000<\/h6>\t\t<\/div>\n\t\t\t\t<\/div>\n\t\t\t\t<div class=\"elementor-element elementor-element-3c1a6f2a elementor-hidden-desktop elementor-hidden-tablet elementor-widget elementor-widget-text-editor\" data-id=\"3c1a6f2a\" data-element_type=\"widget\" data-widget_type=\"text-editor.default\">\n\t\t\t\t<div class=\"elementor-widget-container\">\n\t\t\t\t\t\t\t\t<div class=\"elementor-text-editor elementor-clearfix\">\n\t\t\t\t<p>El contenido y memoria del proyecto est\u00e1 disponible en versi\u00f3n de escritorio o PC<\/p>\t\t\t\t\t<\/div>\n\t\t\t\t\t\t<\/div>\n\t\t\t\t<\/div>\n\t\t\t\t\t\t<\/div>\n\t\t\t\t\t<\/div>\n\t\t<\/div>\n\t\t\t\t<div class=\"elementor-column elementor-col-50 elementor-top-column elementor-element elementor-element-3edab97\" data-id=\"3edab97\" data-element_type=\"column\">\n\t\t\t<div class=\"elementor-column-wrap elementor-element-populated\">\n\t\t\t\t\t\t\t<div class=\"elementor-widget-wrap\">\n\t\t\t\t\t\t<div class=\"elementor-element elementor-element-3d292c1c elementor-hidden-phone elementor-widget elementor-widget-image\" data-id=\"3d292c1c\" data-element_type=\"widget\" data-widget_type=\"image.default\">\n\t\t\t\t<div class=\"elementor-widget-container\">\n\t\t\t\t\t\t\t\t<div class=\"elementor-image\">\n\t\t\t\t\t\t\t\t\t\t\t\t\t<a href=\"#memoria\">\n\t\t\t\t\t\t\t<img decoding=\"async\" width=\"109\" height=\"37\" src=\"http:\/\/candelarquitectura.com\/estudio\/wp-content\/uploads\/2018\/05\/abajo.png\" class=\"attachment-large size-large wp-image-11\" alt=\"\" loading=\"lazy\" \/>\t\t\t\t\t\t\t\t<\/a>\n\t\t\t\t\t\t\t\t\t\t\t\t\t\t<\/div>\n\t\t\t\t\t\t<\/div>\n\t\t\t\t<\/div>\n\t\t\t\t\t\t<\/div>\n\t\t\t\t\t<\/div>\n\t\t<\/div>\n\t\t\t\t\t\t\t\t<\/div>\n\t\t\t\t\t<\/div>\n\t\t<\/section>\n\t\t\t\t<section class=\"elementor-section elementor-top-section elementor-element elementor-element-2409c56 elementor-section-height-min-height elementor-section-stretched elementor-hidden-phone elementor-section-boxed elementor-section-height-default elementor-section-items-middle\" data-id=\"2409c56\" data-element_type=\"section\" id=\"memoria\" data-settings=\"{&quot;background_background&quot;:&quot;classic&quot;,&quot;stretch_section&quot;:&quot;section-stretched&quot;}\">\n\t\t\t\t\t\t<div class=\"elementor-container elementor-column-gap-wide\">\n\t\t\t\t\t\t\t<div class=\"elementor-row\">\n\t\t\t\t\t<div class=\"elementor-column elementor-col-50 elementor-top-column elementor-element elementor-element-5c076cbc\" data-id=\"5c076cbc\" data-element_type=\"column\">\n\t\t\t<div class=\"elementor-column-wrap elementor-element-populated\">\n\t\t\t\t\t\t\t<div class=\"elementor-widget-wrap\">\n\t\t\t\t\t\t<div class=\"elementor-element elementor-element-5ad2eece elementor-widget elementor-widget-text-editor\" data-id=\"5ad2eece\" data-element_type=\"widget\" data-widget_type=\"text-editor.default\">\n\t\t\t\t<div class=\"elementor-widget-container\">\n\t\t\t\t\t\t\t\t<div class=\"elementor-text-editor elementor-clearfix\">\n\t\t\t\t<p>\u00a0 \u00a0 \u00a0 \u00a0 \u00a0 \u00a0 \u00a0 \u00a0 \u00a0 \u00a0 \u00a0\u00a0<img decoding=\"async\" loading=\"lazy\" class=\"aligncenter size-full wp-image-521\" src=\"http:\/\/candelarquitectura.com\/estudio\/wp-content\/uploads\/2018\/05\/fabricaharinasmem1.jpg\" alt=\"\" width=\"510\" height=\"220\" srcset=\"http:\/\/candelarquitectura.com\/estudio\/wp-content\/uploads\/2018\/05\/fabricaharinasmem1.jpg 510w, http:\/\/candelarquitectura.com\/estudio\/wp-content\/uploads\/2018\/05\/fabricaharinasmem1-300x129.jpg 300w\" sizes=\"(max-width: 510px) 100vw, 510px\" \/><\/p><p>\u00a0<\/p><p>\u00a0<\/p><p>La f\u00e1brica actual se presenta como un<strong>\u00a0<a class=\"destacado\">resto fosilizado<\/a><\/strong>\u00a0despu\u00e9s de la sustituci\u00f3n sistem\u00e1tica a lo largo de la v\u00ed\u0301a frente al antiguo trazado del ferrocarril. F\u00f3sil que emerge ya fuera de escala con su actual entorno de bloques que la cercan y la amordazar.<\/p><p>Este entorno obsesivo unido a la dificultad de prever un programa que se antoja inadecuado y al tira y afloja entre la Junta y el Ayuntamiento para repartir el pastel, nos sugieren que m\u00e1s que un proyecto de arquitectura terminado, se trata de establecer una estrategia, el resto ya se ver\u00e1:<\/p><p>1.- Utilizar toda el solar disponible para formar una bandeja que\u00a0<a class=\"destacado\"><strong>a\u00edsle el edificio del entorno<\/strong> <strong>y lo presente como un resto hist\u00f3rico<\/strong>,<\/a>\u00a0como un monumento, bandeja que se propone ligeramente inclinada para forzar m\u00e1s si cabe el efecto de una perspectiva irreal, idealizando su contenido y cercado por los vac\u00edos de los lucernarios que iluminan los espacios interiores del s\u00f3tano excavado.<\/p><p><strong>2.-\u00a0<\/strong><a class=\"destacado\"><strong>Deslindar claramente las funciones municipales de las propias de la Junta de Comunidades<\/strong>,<\/a>asignado el edificio hist\u00f3rico al car\u00e1cter simb\u00f3lico de representaci\u00f3n del gobierno y toda la planta bajo y la excavaci\u00f3n a la sala de exposiciones y el audit\u00f3rium municipal, abierto este a un patio posterior longitudinal al que se accede por dos rampas laterales que refuerzan el car\u00e1cter inaccesible de las f\u00e1bricas del edificio principal.<\/p><p>3.- Mantener la fachada existente y\u00a0<a class=\"destacado\"><strong>limpiar absolutamente el interior, distribuci\u00f3n y estructura<\/strong>,<\/a>restos de otra forma de hacer y otra utilidad que s\u00f3lo han de estorbar la reutilizaci\u00f3n racional y adecuada de sus espacios internos.<\/p><p>La fuerte simetr\u00eda de la planta nos obliga a situar dos cajas de comunicaciones y aseos sim\u00e9tricos longitudinales, que nos permitan una lectura lo m\u00e1s di\u00e1fana posible del espacio, y la disposici\u00f3n de dos bandas de circulaciones (privada y p\u00fablica) necesarias para la representatividad y discreci\u00f3n del uso al que se destinan.<\/p><p>\u00a0<\/p><p><img decoding=\"async\" loading=\"lazy\" class=\"aligncenter size-large wp-image-523\" src=\"http:\/\/candelarquitectura.com\/estudio\/wp-content\/uploads\/2018\/05\/fabricaharinasmem2a-857x1024.jpg\" alt=\"\" width=\"702\" height=\"839\" srcset=\"http:\/\/candelarquitectura.com\/estudio\/wp-content\/uploads\/2018\/05\/fabricaharinasmem2a-857x1024.jpg 857w, http:\/\/candelarquitectura.com\/estudio\/wp-content\/uploads\/2018\/05\/fabricaharinasmem2a-251x300.jpg 251w, http:\/\/candelarquitectura.com\/estudio\/wp-content\/uploads\/2018\/05\/fabricaharinasmem2a-768x917.jpg 768w, http:\/\/candelarquitectura.com\/estudio\/wp-content\/uploads\/2018\/05\/fabricaharinasmem2a.jpg 1583w\" sizes=\"(max-width: 702px) 100vw, 702px\" \/><\/p>\t\t\t\t\t<\/div>\n\t\t\t\t\t\t<\/div>\n\t\t\t\t<\/div>\n\t\t\t\t<div class=\"elementor-element elementor-element-7d9f662b elementor-widget elementor-widget-spacer\" data-id=\"7d9f662b\" data-element_type=\"widget\" data-widget_type=\"spacer.default\">\n\t\t\t\t<div class=\"elementor-widget-container\">\n\t\t\t\t\t<div class=\"elementor-spacer\">\n\t\t\t<div class=\"elementor-spacer-inner\"><\/div>\n\t\t<\/div>\n\t\t\t\t<\/div>\n\t\t\t\t<\/div>\n\t\t\t\t\t\t<\/div>\n\t\t\t\t\t<\/div>\n\t\t<\/div>\n\t\t\t\t<div class=\"elementor-column elementor-col-50 elementor-top-column elementor-element elementor-element-411ee5fc\" data-id=\"411ee5fc\" data-element_type=\"column\">\n\t\t\t<div class=\"elementor-column-wrap elementor-element-populated\">\n\t\t\t\t\t\t\t<div class=\"elementor-widget-wrap\">\n\t\t\t\t\t\t<div class=\"elementor-element elementor-element-3af0fd0c elementor-widget elementor-widget-text-editor\" data-id=\"3af0fd0c\" data-element_type=\"widget\" data-widget_type=\"text-editor.default\">\n\t\t\t\t<div class=\"elementor-widget-container\">\n\t\t\t\t\t\t\t\t<div class=\"elementor-text-editor elementor-clearfix\">\n\t\t\t\t<div style=\"color: #000000; left: 0px; position: relative; top: 0px; width: 222.734px; font-family: Arial, Helvetica, sans-serif;\"><div style=\"margin-bottom: 11.125px;\"><div style=\"opacity: 0.5; display: inline-block;\">PROYECTO<\/div>\u00a0<br \/><div style=\"display: inline-block;\">REHABILITACI\u00d3N DEL EDIFICIO \u00abF\u00c1BRICA DE HARINAS\u00bb<\/div><\/div><div style=\"margin-bottom: 11.125px;\"><div style=\"opacity: 0.5; display: inline-block;\">TIPOLOG\u00cdA<\/div><br \/><div style=\"display: inline-block;\">ADMINISTRATIVO<\/div><\/div><div style=\"margin-bottom: 11.125px;\"><div style=\"opacity: 0.5; display: inline-block;\">EMPLAZAMIENTO<\/div><br \/><div style=\"display: inline-block;\">ALBACETE<\/div><\/div><div style=\"margin-bottom: 11.125px;\"><div style=\"opacity: 0.5; display: inline-block;\">A\u00d1O DE CONCURSO<\/div><br \/><div style=\"display: inline-block;\">2000<\/div><\/div><\/div><div style=\"color: #000000; left: 0px; position: relative; top: 0px; width: 222.734px; font-family: Arial, Helvetica, sans-serif;\"><div style=\"margin-bottom: 11.125px;\"><div style=\"opacity: 0.5; display: inline-block;\">PROMOTOR<\/div><br \/><div style=\"display: inline-block;\">JUNTA DE COMUNIDADES C-LM<\/div><\/div><div style=\"margin-bottom: 11.125px;\"><div style=\"opacity: 0.5; display: inline-block;\">ARQUITECTO<\/div>\u00a0<br \/><div style=\"display: inline-block;\">FRANCISCO CANDEL JIM\u00c9NEZ<\/div><\/div><div style=\"margin-bottom: 11.125px;\"><div style=\"opacity: 0.5; display: inline-block;\">SUPERFICIE<\/div><br \/><div style=\"display: inline-block;\">5.250 M2<\/div><\/div><div style=\"margin-bottom: 11.125px;\"><div style=\"opacity: 0.5; display: inline-block;\">PRESUPUESTO<\/div><br \/><div style=\"display: inline-block;\">3.891.500 \u20ac<\/div><\/div><br \/><br \/><div style=\"margin-bottom: 11.125px;\"><div style=\"display: inline-block; font-weight: bold;\">*SEGUNDO PREMIO CONCURSO DE IDEAS<\/div><\/div><div style=\"margin-bottom: 11.125px;\"><div style=\"display: inline-block; font-weight: bold;\"><a href=\"http:\/\/candelarquitectura.com\/estudio\/wp-content\/uploads\/2018\/05\/harinaspn1.jpg\"><img decoding=\"async\" loading=\"lazy\" class=\"aligncenter wp-image-599 size-large\" src=\"http:\/\/candelarquitectura.com\/estudio\/wp-content\/uploads\/2018\/05\/harinaspn1-799x1024.jpg\" alt=\"\" width=\"702\" height=\"900\" srcset=\"http:\/\/candelarquitectura.com\/estudio\/wp-content\/uploads\/2018\/05\/harinaspn1-799x1024.jpg 799w, http:\/\/candelarquitectura.com\/estudio\/wp-content\/uploads\/2018\/05\/harinaspn1-234x300.jpg 234w, http:\/\/candelarquitectura.com\/estudio\/wp-content\/uploads\/2018\/05\/harinaspn1-768x984.jpg 768w, http:\/\/candelarquitectura.com\/estudio\/wp-content\/uploads\/2018\/05\/harinaspn1.jpg 1563w\" sizes=\"(max-width: 702px) 100vw, 702px\" \/><\/a><\/div><div>\u00a0<\/div><div style=\"display: inline-block; font-weight: bold;\"><span style=\"color: #808080;\">PUBLICACIONES<\/span><\/div>PASAJES.ARQUITECTURA Y CR\u00cdTICA. N\u00ba7<\/div><div><img decoding=\"async\" loading=\"lazy\" class=\"aligncenter size-full wp-image-598\" src=\"http:\/\/candelarquitectura.com\/estudio\/wp-content\/uploads\/2018\/05\/harinascr1.jpg\" alt=\"\" width=\"500\" height=\"672\" srcset=\"http:\/\/candelarquitectura.com\/estudio\/wp-content\/uploads\/2018\/05\/harinascr1.jpg 500w, http:\/\/candelarquitectura.com\/estudio\/wp-content\/uploads\/2018\/05\/harinascr1-223x300.jpg 223w\" sizes=\"(max-width: 500px) 100vw, 500px\" \/><\/div><\/div>\t\t\t\t\t<\/div>\n\t\t\t\t\t\t<\/div>\n\t\t\t\t<\/div>\n\t\t\t\t\t\t<\/div>\n\t\t\t\t\t<\/div>\n\t\t<\/div>\n\t\t\t\t\t\t\t\t<\/div>\n\t\t\t\t\t<\/div>\n\t\t<\/section>\n\t\t\t\t\t\t\t\t\t<\/div>\n\t\t\t<\/div>\n\t\t\t\t\t<\/div>\n\t\t","protected":false},"excerpt":{"rendered":"<p>El contenido y memoria del proyecto est\u00e1 disponible en versi\u00f3n de escritorio o PC \u00a0 \u00a0 \u00a0 \u00a0 \u00a0 \u00a0 \u00a0 \u00a0 \u00a0 \u00a0 \u00a0\u00a0 \u00a0 \u00a0 La f\u00e1brica actual se presenta como un\u00a0resto fosilizado\u00a0despu\u00e9s de la sustituci\u00f3n sistem\u00e1tica a lo largo de la v\u00ed\u0301a frente al antiguo trazado del ferrocarril. F\u00f3sil que emerge ya [&hellip;]<\/p>\n","protected":false},"author":1,"featured_media":521,"comment_status":"open","ping_status":"open","sticky":false,"template":"elementor_canvas","format":"standard","meta":{"_genesis_hide_title":false,"_genesis_hide_breadcrumbs":false,"_genesis_hide_singular_image":false,"_genesis_hide_footer_widgets":false,"_genesis_custom_body_class":"","_genesis_custom_post_class":"","_genesis_layout":""},"categories":[9,1],"tags":[],"_links":{"self":[{"href":"http:\/\/candelarquitectura.com\/estudio\/wp-json\/wp\/v2\/posts\/2038"}],"collection":[{"href":"http:\/\/candelarquitectura.com\/estudio\/wp-json\/wp\/v2\/posts"}],"about":[{"href":"http:\/\/candelarquitectura.com\/estudio\/wp-json\/wp\/v2\/types\/post"}],"author":[{"embeddable":true,"href":"http:\/\/candelarquitectura.com\/estudio\/wp-json\/wp\/v2\/users\/1"}],"replies":[{"embeddable":true,"href":"http:\/\/candelarquitectura.com\/estudio\/wp-json\/wp\/v2\/comments?post=2038"}],"version-history":[{"count":8,"href":"http:\/\/candelarquitectura.com\/estudio\/wp-json\/wp\/v2\/posts\/2038\/revisions"}],"predecessor-version":[{"id":2853,"href":"http:\/\/candelarquitectura.com\/estudio\/wp-json\/wp\/v2\/posts\/2038\/revisions\/2853"}],"wp:featuredmedia":[{"embeddable":true,"href":"http:\/\/candelarquitectura.com\/estudio\/wp-json\/wp\/v2\/media\/521"}],"wp:attachment":[{"href":"http:\/\/candelarquitectura.com\/estudio\/wp-json\/wp\/v2\/media?parent=2038"}],"wp:term":[{"taxonomy":"category","embeddable":true,"href":"http:\/\/candelarquitectura.com\/estudio\/wp-json\/wp\/v2\/categories?post=2038"},{"taxonomy":"post_tag","embeddable":true,"href":"http:\/\/candelarquitectura.com\/estudio\/wp-json\/wp\/v2\/tags?post=2038"}],"curies":[{"name":"wp","href":"https:\/\/api.w.org\/{rel}","templated":true}]}}