{"id":2057,"date":"2018-06-12T10:21:58","date_gmt":"2018-06-12T10:21:58","guid":{"rendered":"http:\/\/candelarquitectura.com\/estudio\/?p=2057"},"modified":"2018-10-08T22:24:45","modified_gmt":"2018-10-08T22:24:45","slug":"sede-de-la-caja-de-castilla-la-mancha-1995","status":"publish","type":"post","link":"http:\/\/candelarquitectura.com\/estudio\/sede-de-la-caja-de-castilla-la-mancha-1995\/","title":{"rendered":"Sede de la Caja de Castilla la Mancha 1995"},"content":{"rendered":"\t\t<div data-elementor-type=\"wp-post\" data-elementor-id=\"2057\" class=\"elementor elementor-2057 elementor-bc-flex-widget\">\n\t\t\t\t\t\t<div class=\"elementor-inner\">\n\t\t\t\t<div class=\"elementor-section-wrap\">\n\t\t\t\t\t\t\t\t\t<section class=\"elementor-section elementor-top-section elementor-element elementor-element-21b8286f elementor-section-height-full elementor-section-items-bottom elementor-section-boxed elementor-section-height-default\" data-id=\"21b8286f\" data-element_type=\"section\">\n\t\t\t\t\t\t<div class=\"elementor-container elementor-column-gap-default\">\n\t\t\t\t\t\t\t<div class=\"elementor-row\">\n\t\t\t\t\t<div class=\"elementor-column elementor-col-50 elementor-top-column elementor-element elementor-element-6d2d4c5b\" data-id=\"6d2d4c5b\" data-element_type=\"column\">\n\t\t\t<div class=\"elementor-column-wrap elementor-element-populated\">\n\t\t\t\t\t\t\t<div class=\"elementor-widget-wrap\">\n\t\t\t\t\t\t<div class=\"elementor-element elementor-element-523df5b9 ee-grid-columns-12 ee-gallery-slider--top ee-grid-columns-tablet-6 ee-grid-columns-mobile-4 elementor-widget elementor-widget-gallery-slider\" data-id=\"523df5b9\" data-element_type=\"widget\" data-settings=\"{&quot;columns&quot;:&quot;12&quot;,&quot;autoplay&quot;:&quot;no&quot;,&quot;effect&quot;:&quot;fade&quot;,&quot;speed&quot;:100,&quot;show_thumbnails&quot;:&quot;yes&quot;,&quot;columns_tablet&quot;:&quot;6&quot;,&quot;columns_mobile&quot;:&quot;4&quot;,&quot;direction&quot;:&quot;ltr&quot;,&quot;infinite&quot;:&quot;yes&quot;,&quot;resistance&quot;:{&quot;unit&quot;:&quot;px&quot;,&quot;size&quot;:0.25,&quot;sizes&quot;:[]},&quot;adaptive_height&quot;:&quot;yes&quot;}\" data-widget_type=\"gallery-slider.default\">\n\t\t\t\t<div class=\"elementor-widget-container\">\n\t\t\t<div class=\"ee-gallery-slider\">\n\t\t\t<div class=\"ee-gallery-slider__preview ee-swiper\" dir=\"ltr\">\n\t\t\t<div class=\"ee-gallery-slider__slider-wrapper\">\n\t\t\t\t<div class=\"swiper-container ee-swiper__container ee-gallery-slider__slider ee-media-align--bottom ee-media-align--justify ee-media-effect__content--\">\n\t\t\t\t\t<div class=\"swiper-wrapper ee-swiper__wrapper\">\n\t\t\t\t\t\t<div class=\"ee-slider__slide ee-swiper__slide swiper-slide\">\n\t\t\t\t<figure class=\"ee-media ee-slider__media ee-swiper__slide__media\">\n\t\t\t\t\t<div class=\"ee-media__wrapper ee-slider__media-wrapper\">\n\t\t\t\t\t\t<div class=\"ee-media__thumbnail ee-slider__media__thumbnail\">\n\t\t\t\t\t\t\t<img decoding=\"async\" alt=\"cajaclm1\" src=\"http:\/\/candelarquitectura.com\/estudio\/wp-content\/uploads\/2018\/05\/cajaclm1.jpg\" class=\"ee-media__thumbnail__image\" \/>\n\t\t\t\t\t\t<\/div>\n\t\t\t\t\t\t\t\t\t\t\t<\/div>\n\t\t\t\t<\/figure>\n\t\t\t<\/div><div class=\"ee-slider__slide ee-swiper__slide swiper-slide\">\n\t\t\t\t<figure class=\"ee-media ee-slider__media ee-swiper__slide__media\">\n\t\t\t\t\t<div class=\"ee-media__wrapper ee-slider__media-wrapper\">\n\t\t\t\t\t\t<div class=\"ee-media__thumbnail ee-slider__media__thumbnail\">\n\t\t\t\t\t\t\t<img decoding=\"async\" alt=\"cajaclm_2\" src=\"http:\/\/candelarquitectura.com\/estudio\/wp-content\/uploads\/2018\/07\/cajaclm_2.jpg\" class=\"ee-media__thumbnail__image\" \/>\n\t\t\t\t\t\t<\/div>\n\t\t\t\t\t\t\t\t\t\t\t<\/div>\n\t\t\t\t<\/figure>\n\t\t\t<\/div><div class=\"ee-slider__slide ee-swiper__slide swiper-slide\">\n\t\t\t\t<figure class=\"ee-media ee-slider__media ee-swiper__slide__media\">\n\t\t\t\t\t<div class=\"ee-media__wrapper ee-slider__media-wrapper\">\n\t\t\t\t\t\t<div class=\"ee-media__thumbnail ee-slider__media__thumbnail\">\n\t\t\t\t\t\t\t<img decoding=\"async\" alt=\"cajaclm3\" src=\"http:\/\/candelarquitectura.com\/estudio\/wp-content\/uploads\/2018\/05\/cajaclm3.jpg\" class=\"ee-media__thumbnail__image\" \/>\n\t\t\t\t\t\t<\/div>\n\t\t\t\t\t\t\t\t\t\t\t<\/div>\n\t\t\t\t<\/figure>\n\t\t\t<\/div><div class=\"ee-slider__slide ee-swiper__slide swiper-slide\">\n\t\t\t\t<figure class=\"ee-media ee-slider__media ee-swiper__slide__media\">\n\t\t\t\t\t<div class=\"ee-media__wrapper ee-slider__media-wrapper\">\n\t\t\t\t\t\t<div class=\"ee-media__thumbnail ee-slider__media__thumbnail\">\n\t\t\t\t\t\t\t<img decoding=\"async\" alt=\"cajaclm4\" src=\"http:\/\/candelarquitectura.com\/estudio\/wp-content\/uploads\/2018\/05\/cajaclm4.jpg\" class=\"ee-media__thumbnail__image\" \/>\n\t\t\t\t\t\t<\/div>\n\t\t\t\t\t\t\t\t\t\t\t<\/div>\n\t\t\t\t<\/figure>\n\t\t\t<\/div><div class=\"ee-slider__slide ee-swiper__slide swiper-slide\">\n\t\t\t\t<figure class=\"ee-media ee-slider__media ee-swiper__slide__media\">\n\t\t\t\t\t<div class=\"ee-media__wrapper ee-slider__media-wrapper\">\n\t\t\t\t\t\t<div class=\"ee-media__thumbnail ee-slider__media__thumbnail\">\n\t\t\t\t\t\t\t<img decoding=\"async\" alt=\"cajaclm5\" src=\"http:\/\/candelarquitectura.com\/estudio\/wp-content\/uploads\/2018\/05\/cajaclm5.jpg\" class=\"ee-media__thumbnail__image\" \/>\n\t\t\t\t\t\t<\/div>\n\t\t\t\t\t\t\t\t\t\t\t<\/div>\n\t\t\t\t<\/figure>\n\t\t\t<\/div><div class=\"ee-slider__slide ee-swiper__slide swiper-slide\">\n\t\t\t\t<figure class=\"ee-media ee-slider__media ee-swiper__slide__media\">\n\t\t\t\t\t<div class=\"ee-media__wrapper ee-slider__media-wrapper\">\n\t\t\t\t\t\t<div class=\"ee-media__thumbnail ee-slider__media__thumbnail\">\n\t\t\t\t\t\t\t<img decoding=\"async\" alt=\"cajaclm6\" src=\"http:\/\/candelarquitectura.com\/estudio\/wp-content\/uploads\/2018\/05\/cajaclm6.jpg\" class=\"ee-media__thumbnail__image\" \/>\n\t\t\t\t\t\t<\/div>\n\t\t\t\t\t\t\t\t\t\t\t<\/div>\n\t\t\t\t<\/figure>\n\t\t\t<\/div><div class=\"ee-slider__slide ee-swiper__slide swiper-slide\">\n\t\t\t\t<figure class=\"ee-media ee-slider__media ee-swiper__slide__media\">\n\t\t\t\t\t<div class=\"ee-media__wrapper ee-slider__media-wrapper\">\n\t\t\t\t\t\t<div class=\"ee-media__thumbnail ee-slider__media__thumbnail\">\n\t\t\t\t\t\t\t<img decoding=\"async\" alt=\"cajaclm_7\" src=\"http:\/\/candelarquitectura.com\/estudio\/wp-content\/uploads\/2018\/07\/cajaclm_7.jpg\" class=\"ee-media__thumbnail__image\" \/>\n\t\t\t\t\t\t<\/div>\n\t\t\t\t\t\t\t\t\t\t\t<\/div>\n\t\t\t\t<\/figure>\n\t\t\t<\/div>\t\t\t\t\t<\/div>\n\t\t\t\t<\/div><\/div><\/div>\t\t\t<div class=\"ee-gallery-slider__gallery\"><div class=\"ee-grid ee-grid--gallery ee-gallery ee-gallery__gallery ee-media-align-- ee-media-align-- ee-media-effect__content--\">\n\t\t\t\t\t\t\n\t\t\t<div class=\"ee-gallery__item ee-grid__item\">\n\n\t\t\t\t<figure class=\"ee-media ee-gallery__media\">\n\t\t\t\t\t<div class=\"ee-media__wrapper ee-gallery__media-wrapper\">\n\t\t\t\t\t\t<div class=\"ee-media__thumbnail ee-gallery__media__thumbnail\">\n\t\t\t<img width=\"150\" height=\"150\" src=\"http:\/\/candelarquitectura.com\/estudio\/wp-content\/uploads\/2018\/05\/cajaclm1-150x150.jpg\" class=\"attachment-thumbnail size-thumbnail\" alt=\"\" decoding=\"async\" loading=\"lazy\" \/>\t\t<\/div>\t\t\t\t\t\t<div class=\"ee-media__overlay ee-gallery__media__overlay\"><\/div>\t\t\t\t\t\t\t\t\t\t\t<\/div>\n\t\t\t\t<\/figure>\n\t\t\t\t\n\t\t\t<\/div>\n\n\t\t\n\t\t\t<div class=\"ee-gallery__item ee-grid__item\">\n\n\t\t\t\t<figure class=\"ee-media ee-gallery__media\">\n\t\t\t\t\t<div class=\"ee-media__wrapper ee-gallery__media-wrapper\">\n\t\t\t\t\t\t<div class=\"ee-media__thumbnail ee-gallery__media__thumbnail\">\n\t\t\t<img width=\"150\" height=\"150\" src=\"http:\/\/candelarquitectura.com\/estudio\/wp-content\/uploads\/2018\/07\/cajaclm_2-150x150.jpg\" class=\"attachment-thumbnail size-thumbnail\" alt=\"\" decoding=\"async\" loading=\"lazy\" \/>\t\t<\/div>\t\t\t\t\t\t<div class=\"ee-media__overlay ee-gallery__media__overlay\"><\/div>\t\t\t\t\t\t\t\t\t\t\t<\/div>\n\t\t\t\t<\/figure>\n\t\t\t\t\n\t\t\t<\/div>\n\n\t\t\n\t\t\t<div class=\"ee-gallery__item ee-grid__item\">\n\n\t\t\t\t<figure class=\"ee-media ee-gallery__media\">\n\t\t\t\t\t<div class=\"ee-media__wrapper ee-gallery__media-wrapper\">\n\t\t\t\t\t\t<div class=\"ee-media__thumbnail ee-gallery__media__thumbnail\">\n\t\t\t<img width=\"150\" height=\"150\" src=\"http:\/\/candelarquitectura.com\/estudio\/wp-content\/uploads\/2018\/05\/cajaclm3-150x150.jpg\" class=\"attachment-thumbnail size-thumbnail\" alt=\"\" decoding=\"async\" loading=\"lazy\" srcset=\"http:\/\/candelarquitectura.com\/estudio\/wp-content\/uploads\/2018\/05\/cajaclm3-150x150.jpg 150w, http:\/\/candelarquitectura.com\/estudio\/wp-content\/uploads\/2018\/05\/cajaclm3-298x300.jpg 298w, http:\/\/candelarquitectura.com\/estudio\/wp-content\/uploads\/2018\/05\/cajaclm3.jpg 509w\" sizes=\"(max-width: 150px) 100vw, 150px\" \/>\t\t<\/div>\t\t\t\t\t\t<div class=\"ee-media__overlay ee-gallery__media__overlay\"><\/div>\t\t\t\t\t\t\t\t\t\t\t<\/div>\n\t\t\t\t<\/figure>\n\t\t\t\t\n\t\t\t<\/div>\n\n\t\t\n\t\t\t<div class=\"ee-gallery__item ee-grid__item\">\n\n\t\t\t\t<figure class=\"ee-media ee-gallery__media\">\n\t\t\t\t\t<div class=\"ee-media__wrapper ee-gallery__media-wrapper\">\n\t\t\t\t\t\t<div class=\"ee-media__thumbnail ee-gallery__media__thumbnail\">\n\t\t\t<img width=\"150\" height=\"150\" src=\"http:\/\/candelarquitectura.com\/estudio\/wp-content\/uploads\/2018\/05\/cajaclm4-150x150.jpg\" class=\"attachment-thumbnail size-thumbnail\" alt=\"\" decoding=\"async\" loading=\"lazy\" srcset=\"http:\/\/candelarquitectura.com\/estudio\/wp-content\/uploads\/2018\/05\/cajaclm4-150x150.jpg 150w, http:\/\/candelarquitectura.com\/estudio\/wp-content\/uploads\/2018\/05\/cajaclm4-300x300.jpg 300w, http:\/\/candelarquitectura.com\/estudio\/wp-content\/uploads\/2018\/05\/cajaclm4-768x765.jpg 768w, http:\/\/candelarquitectura.com\/estudio\/wp-content\/uploads\/2018\/05\/cajaclm4-1024x1020.jpg 1024w, http:\/\/candelarquitectura.com\/estudio\/wp-content\/uploads\/2018\/05\/cajaclm4.jpg 1028w\" sizes=\"(max-width: 150px) 100vw, 150px\" \/>\t\t<\/div>\t\t\t\t\t\t<div class=\"ee-media__overlay ee-gallery__media__overlay\"><\/div>\t\t\t\t\t\t\t\t\t\t\t<\/div>\n\t\t\t\t<\/figure>\n\t\t\t\t\n\t\t\t<\/div>\n\n\t\t\n\t\t\t<div class=\"ee-gallery__item ee-grid__item\">\n\n\t\t\t\t<figure class=\"ee-media ee-gallery__media\">\n\t\t\t\t\t<div class=\"ee-media__wrapper ee-gallery__media-wrapper\">\n\t\t\t\t\t\t<div class=\"ee-media__thumbnail ee-gallery__media__thumbnail\">\n\t\t\t<img width=\"150\" height=\"150\" src=\"http:\/\/candelarquitectura.com\/estudio\/wp-content\/uploads\/2018\/05\/cajaclm5-150x150.jpg\" class=\"attachment-thumbnail size-thumbnail\" alt=\"\" decoding=\"async\" loading=\"lazy\" \/>\t\t<\/div>\t\t\t\t\t\t<div class=\"ee-media__overlay ee-gallery__media__overlay\"><\/div>\t\t\t\t\t\t\t\t\t\t\t<\/div>\n\t\t\t\t<\/figure>\n\t\t\t\t\n\t\t\t<\/div>\n\n\t\t\n\t\t\t<div class=\"ee-gallery__item ee-grid__item\">\n\n\t\t\t\t<figure class=\"ee-media ee-gallery__media\">\n\t\t\t\t\t<div class=\"ee-media__wrapper ee-gallery__media-wrapper\">\n\t\t\t\t\t\t<div class=\"ee-media__thumbnail ee-gallery__media__thumbnail\">\n\t\t\t<img width=\"150\" height=\"150\" src=\"http:\/\/candelarquitectura.com\/estudio\/wp-content\/uploads\/2018\/05\/cajaclm6-150x150.jpg\" class=\"attachment-thumbnail size-thumbnail\" alt=\"\" decoding=\"async\" loading=\"lazy\" \/>\t\t<\/div>\t\t\t\t\t\t<div class=\"ee-media__overlay ee-gallery__media__overlay\"><\/div>\t\t\t\t\t\t\t\t\t\t\t<\/div>\n\t\t\t\t<\/figure>\n\t\t\t\t\n\t\t\t<\/div>\n\n\t\t\n\t\t\t<div class=\"ee-gallery__item ee-grid__item\">\n\n\t\t\t\t<figure class=\"ee-media ee-gallery__media\">\n\t\t\t\t\t<div class=\"ee-media__wrapper ee-gallery__media-wrapper\">\n\t\t\t\t\t\t<div class=\"ee-media__thumbnail ee-gallery__media__thumbnail\">\n\t\t\t<img width=\"150\" height=\"150\" src=\"http:\/\/candelarquitectura.com\/estudio\/wp-content\/uploads\/2018\/07\/cajaclm_7-150x150.jpg\" class=\"attachment-thumbnail size-thumbnail\" alt=\"\" decoding=\"async\" loading=\"lazy\" \/>\t\t<\/div>\t\t\t\t\t\t<div class=\"ee-media__overlay ee-gallery__media__overlay\"><\/div>\t\t\t\t\t\t\t\t\t\t\t<\/div>\n\t\t\t\t<\/figure>\n\t\t\t\t\n\t\t\t<\/div>\n\n\t\t\t\t\t\t\t<\/div><\/div>\n\t\t<\/div>\t\t<\/div>\n\t\t\t\t<\/div>\n\t\t\t\t<div class=\"elementor-element elementor-element-4eb3d2fc elementor-widget elementor-widget-theme-post-title elementor-page-title elementor-widget-heading\" data-id=\"4eb3d2fc\" data-element_type=\"widget\" data-widget_type=\"theme-post-title.default\">\n\t\t\t\t<div class=\"elementor-widget-container\">\n\t\t\t<h6 class=\"elementor-heading-title elementor-size-default\">Sede de la Caja de Castilla la Mancha 1995<\/h6>\t\t<\/div>\n\t\t\t\t<\/div>\n\t\t\t\t<div class=\"elementor-element elementor-element-342cbc78 elementor-hidden-desktop elementor-hidden-tablet elementor-widget elementor-widget-text-editor\" data-id=\"342cbc78\" data-element_type=\"widget\" data-widget_type=\"text-editor.default\">\n\t\t\t\t<div class=\"elementor-widget-container\">\n\t\t\t\t\t\t\t\t<div class=\"elementor-text-editor elementor-clearfix\">\n\t\t\t\t<p>El contenido y memoria del proyecto est\u00e1 disponible en versi\u00f3n de escritorio o PC<\/p>\t\t\t\t\t<\/div>\n\t\t\t\t\t\t<\/div>\n\t\t\t\t<\/div>\n\t\t\t\t\t\t<\/div>\n\t\t\t\t\t<\/div>\n\t\t<\/div>\n\t\t\t\t<div class=\"elementor-column elementor-col-50 elementor-top-column elementor-element elementor-element-445a535c\" data-id=\"445a535c\" data-element_type=\"column\">\n\t\t\t<div class=\"elementor-column-wrap elementor-element-populated\">\n\t\t\t\t\t\t\t<div class=\"elementor-widget-wrap\">\n\t\t\t\t\t\t<div class=\"elementor-element elementor-element-41d06bc4 elementor-hidden-phone elementor-widget elementor-widget-image\" data-id=\"41d06bc4\" data-element_type=\"widget\" data-widget_type=\"image.default\">\n\t\t\t\t<div class=\"elementor-widget-container\">\n\t\t\t\t\t\t\t\t<div class=\"elementor-image\">\n\t\t\t\t\t\t\t\t\t\t\t\t\t<a href=\"#memoria\">\n\t\t\t\t\t\t\t<img decoding=\"async\" width=\"109\" height=\"37\" src=\"http:\/\/candelarquitectura.com\/estudio\/wp-content\/uploads\/2018\/05\/abajo.png\" class=\"attachment-large size-large wp-image-11\" alt=\"\" loading=\"lazy\" \/>\t\t\t\t\t\t\t\t<\/a>\n\t\t\t\t\t\t\t\t\t\t\t\t\t\t<\/div>\n\t\t\t\t\t\t<\/div>\n\t\t\t\t<\/div>\n\t\t\t\t\t\t<\/div>\n\t\t\t\t\t<\/div>\n\t\t<\/div>\n\t\t\t\t\t\t\t\t<\/div>\n\t\t\t\t\t<\/div>\n\t\t<\/section>\n\t\t\t\t<section class=\"elementor-section elementor-top-section elementor-element elementor-element-d9f59db elementor-section-height-min-height elementor-section-stretched elementor-hidden-phone elementor-section-boxed elementor-section-height-default elementor-section-items-middle\" data-id=\"d9f59db\" data-element_type=\"section\" id=\"memoria\" data-settings=\"{&quot;background_background&quot;:&quot;classic&quot;,&quot;stretch_section&quot;:&quot;section-stretched&quot;}\">\n\t\t\t\t\t\t<div class=\"elementor-container elementor-column-gap-wide\">\n\t\t\t\t\t\t\t<div class=\"elementor-row\">\n\t\t\t\t\t<div class=\"elementor-column elementor-col-50 elementor-top-column elementor-element elementor-element-5c3d926\" data-id=\"5c3d926\" data-element_type=\"column\">\n\t\t\t<div class=\"elementor-column-wrap elementor-element-populated\">\n\t\t\t\t\t\t\t<div class=\"elementor-widget-wrap\">\n\t\t\t\t\t\t<div class=\"elementor-element elementor-element-60474571 elementor-widget elementor-widget-text-editor\" data-id=\"60474571\" data-element_type=\"widget\" data-widget_type=\"text-editor.default\">\n\t\t\t\t<div class=\"elementor-widget-container\">\n\t\t\t\t\t\t\t\t<div class=\"elementor-text-editor elementor-clearfix\">\n\t\t\t\t<p><img decoding=\"async\" loading=\"lazy\" class=\"aligncenter size-large wp-image-259\" src=\"http:\/\/candelarquitectura.com\/estudio\/wp-content\/uploads\/2018\/05\/cajaclmmem1-1024x682.jpg\" alt=\"\" width=\"702\" height=\"468\" srcset=\"http:\/\/candelarquitectura.com\/estudio\/wp-content\/uploads\/2018\/05\/cajaclmmem1.jpg 1024w, http:\/\/candelarquitectura.com\/estudio\/wp-content\/uploads\/2018\/05\/cajaclmmem1-300x200.jpg 300w, http:\/\/candelarquitectura.com\/estudio\/wp-content\/uploads\/2018\/05\/cajaclmmem1-768x512.jpg 768w\" sizes=\"(max-width: 702px) 100vw, 702px\" \/><\/p><p>\u00a0<\/p><p>Se trata de desarrollar el programa de la central de la Caja de ahorros de oficinas y obra social en un solar en el centro de la ciudad, frente a la plaza circular de principio de siglo remate del eje central del primer ensanche y puerta de acceso al parque. En parte del solar, que se extiende en forma de U como remate de toda la manzana, se vaci\u00f3 recientemente una edificaci\u00f3n residencial de los a\u00f1os 30 dejando en pie \u00fanicamente la fachada c\u00f3ncava de tres alturas que responde al trazado circular de la plaza. A la presencia obligada de esta fachada de car\u00e1cter ecl\u00e9ctico se une la medianera del edificio colindante de 8 plantas resultado de la reciente sustituci\u00f3n desordenada y ca\u00f3tica de la trama consolidada.<\/p><p>CARACTERISTICAS ESENCIALES DE LA PROPUESTA:<\/p><p><a class=\"destacado\"><strong>Mantenimiento de la fachada actual como tel\u00f3n de fondo de la plaza<\/strong>,<\/a>\u00a0solucionando la inadecuaci\u00f3n funcional de su reutilizaci\u00f3n para edificio de oficinas y cultural.<\/p><p>\u00a0<\/p><p><img decoding=\"async\" loading=\"lazy\" class=\"aligncenter size-full wp-image-264\" src=\"http:\/\/candelarquitectura.com\/estudio\/wp-content\/uploads\/2018\/05\/cajaclmmem6.jpg\" alt=\"\" width=\"607\" height=\"648\" srcset=\"http:\/\/candelarquitectura.com\/estudio\/wp-content\/uploads\/2018\/05\/cajaclmmem6.jpg 607w, http:\/\/candelarquitectura.com\/estudio\/wp-content\/uploads\/2018\/05\/cajaclmmem6-281x300.jpg 281w\" sizes=\"(max-width: 607px) 100vw, 607px\" \/><\/p><p>\u00a0<\/p><p><strong><a class=\"destacado\">Solucionar la incidencia de la medianer\u00ed\u0301a<\/a><\/strong>\u00a0tapon\u00e1ndola con un cuerpo de edificaci\u00f3n laminar de poco fondo y fachada integrada en el resto de la nueva edificaci\u00f3n.<\/p><p><img decoding=\"async\" loading=\"lazy\" class=\"aligncenter wp-image-263 size-full\" src=\"http:\/\/candelarquitectura.com\/estudio\/wp-content\/uploads\/2018\/05\/cajaclmmem5.jpg\" alt=\"\" width=\"544\" height=\"353\" srcset=\"http:\/\/candelarquitectura.com\/estudio\/wp-content\/uploads\/2018\/05\/cajaclmmem5.jpg 544w, http:\/\/candelarquitectura.com\/estudio\/wp-content\/uploads\/2018\/05\/cajaclmmem5-300x195.jpg 300w\" sizes=\"(max-width: 544px) 100vw, 544px\" \/><\/p><p><img decoding=\"async\" loading=\"lazy\" class=\"aligncenter size-full wp-image-262\" src=\"http:\/\/candelarquitectura.com\/estudio\/wp-content\/uploads\/2018\/05\/cajaclmmem4.jpg\" alt=\"\" width=\"544\" height=\"353\" srcset=\"http:\/\/candelarquitectura.com\/estudio\/wp-content\/uploads\/2018\/05\/cajaclmmem4.jpg 544w, http:\/\/candelarquitectura.com\/estudio\/wp-content\/uploads\/2018\/05\/cajaclmmem4-300x195.jpg 300w\" sizes=\"(max-width: 544px) 100vw, 544px\" \/><\/p><p>\u00a0<\/p><p><strong><a class=\"destacado\">Trabar la fachada existente con la edificaci\u00f3n interior s\u00f3lamente a nivel de planta baja y primera<\/a><\/strong>\u00a0de forma que se haga posible su utilizaci\u00f3n masiva como cierre t\u00e9rmico y ac\u00fastico y de entrada de luz. La estructura indiferenciada de las plantas interiores es as\u00ed independiente de la configuraci\u00f3n exterior del trazado de la fachada.<\/p><p>\u00a0<\/p><p><img decoding=\"async\" loading=\"lazy\" class=\"aligncenter size-full wp-image-260\" src=\"http:\/\/candelarquitectura.com\/estudio\/wp-content\/uploads\/2018\/05\/cajaclmmem2.jpg\" alt=\"\" width=\"604\" height=\"475\" srcset=\"http:\/\/candelarquitectura.com\/estudio\/wp-content\/uploads\/2018\/05\/cajaclmmem2.jpg 604w, http:\/\/candelarquitectura.com\/estudio\/wp-content\/uploads\/2018\/05\/cajaclmmem2-300x236.jpg 300w\" sizes=\"(max-width: 604px) 100vw, 604px\" \/><\/p><p><img decoding=\"async\" loading=\"lazy\" class=\"aligncenter size-full wp-image-261\" src=\"http:\/\/candelarquitectura.com\/estudio\/wp-content\/uploads\/2018\/05\/cajaclmmem3.jpg\" alt=\"\" width=\"604\" height=\"475\" srcset=\"http:\/\/candelarquitectura.com\/estudio\/wp-content\/uploads\/2018\/05\/cajaclmmem3.jpg 604w, http:\/\/candelarquitectura.com\/estudio\/wp-content\/uploads\/2018\/05\/cajaclmmem3-300x236.jpg 300w\" sizes=\"(max-width: 604px) 100vw, 604px\" \/><\/p><p><a class=\"destacado\"><strong>Realizar una actuaci\u00f3n necesariamente significativa<\/strong>,<\/a>\u00a0ya que la inserci\u00f3n de una nueva estructura funcional en un edificio anterior de viviendas, no puede ser insensible a toda modificaci\u00f3n formal, es necesario mostrar la actuaci\u00f3n arquitect\u00f3nica que supone transformar un edificio de viviendas de principio de siglo en un edificio de oficinas y cultural. El arco de c\u00ed\u0301rculo que describe la planta de la nueva actuaci\u00f3n se contrapone al de la fachada, denotando claramente la autonom\u00ed\u0301a de la nueva intervenci\u00f3n, consiguiendo mayor iluminaci\u00f3n y apertura espacial al exterior.<\/p><p>\u00a0<\/p><p><img decoding=\"async\" loading=\"lazy\" class=\"aligncenter size-large wp-image-265\" src=\"http:\/\/candelarquitectura.com\/estudio\/wp-content\/uploads\/2018\/05\/cajaclmmem7-1024x659.jpg\" alt=\"\" width=\"702\" height=\"452\" srcset=\"http:\/\/candelarquitectura.com\/estudio\/wp-content\/uploads\/2018\/05\/cajaclmmem7.jpg 1024w, http:\/\/candelarquitectura.com\/estudio\/wp-content\/uploads\/2018\/05\/cajaclmmem7-300x193.jpg 300w, http:\/\/candelarquitectura.com\/estudio\/wp-content\/uploads\/2018\/05\/cajaclmmem7-768x494.jpg 768w\" sizes=\"(max-width: 702px) 100vw, 702px\" \/><\/p>\t\t\t\t\t<\/div>\n\t\t\t\t\t\t<\/div>\n\t\t\t\t<\/div>\n\t\t\t\t<div class=\"elementor-element elementor-element-15c07518 elementor-widget elementor-widget-spacer\" data-id=\"15c07518\" data-element_type=\"widget\" data-widget_type=\"spacer.default\">\n\t\t\t\t<div class=\"elementor-widget-container\">\n\t\t\t\t\t<div class=\"elementor-spacer\">\n\t\t\t<div class=\"elementor-spacer-inner\"><\/div>\n\t\t<\/div>\n\t\t\t\t<\/div>\n\t\t\t\t<\/div>\n\t\t\t\t\t\t<\/div>\n\t\t\t\t\t<\/div>\n\t\t<\/div>\n\t\t\t\t<div class=\"elementor-column elementor-col-50 elementor-top-column elementor-element elementor-element-577ac4a7\" data-id=\"577ac4a7\" data-element_type=\"column\">\n\t\t\t<div class=\"elementor-column-wrap elementor-element-populated\">\n\t\t\t\t\t\t\t<div class=\"elementor-widget-wrap\">\n\t\t\t\t\t\t<div class=\"elementor-element elementor-element-e0c46aa elementor-widget elementor-widget-text-editor\" data-id=\"e0c46aa\" data-element_type=\"widget\" data-widget_type=\"text-editor.default\">\n\t\t\t\t<div class=\"elementor-widget-container\">\n\t\t\t\t\t\t\t\t<div class=\"elementor-text-editor elementor-clearfix\">\n\t\t\t\t<div><div><div><div id=\"datos1\" style=\"color: #000000; left: 0px; position: relative; top: 0px; width: 190.906px; font-family: Arial, Helvetica, sans-serif;\"><div class=\"info\" style=\"margin-bottom: 9.53125px;\"><div class=\"etiqueta\" style=\"opacity: 0.5; display: inline-block;\">PROYECTO<\/div>\u00a0<br \/><div class=\"datos\" style=\"display: inline-block;\">SEDE CENTRAL CAJA CASTILLA LA MANCHA<\/div><\/div><div class=\"info\" style=\"margin-bottom: 9.53125px;\"><div class=\"etiqueta\" style=\"opacity: 0.5; display: inline-block;\">TIPOLOG\u00cdA<\/div><br \/><div class=\"datos\" style=\"display: inline-block;\">ADMINISTRATIVO<\/div><\/div><div class=\"info\" style=\"margin-bottom: 9.53125px;\"><div class=\"etiqueta\" style=\"opacity: 0.5; display: inline-block;\">EMPLAZAMIENTO<\/div><br \/><div class=\"datos\" style=\"display: inline-block;\">AV\/ CANSAS CITY-PLAZA DE GABRIEL LODARES (ALBACETE)<\/div><\/div><div class=\"info\" style=\"margin-bottom: 9.53125px;\"><div class=\"etiqueta\" style=\"opacity: 0.5; display: inline-block;\">A\u00d1O DE CONSTRUCCI\u00d3N<\/div><br \/><div class=\"datos\" style=\"display: inline-block;\">1995<\/div><\/div><\/div><div id=\"datos2\" style=\"color: #000000; left: 0px; position: relative; top: 0px; width: 190.906px; font-family: Arial, Helvetica, sans-serif;\"><div class=\"info\" style=\"margin-bottom: 9.53125px;\"><div class=\"etiqueta\" style=\"opacity: 0.5; display: inline-block;\">PROMOTOR<\/div><br \/><div class=\"datos\" style=\"display: inline-block;\">CAJA CASTILLA LA MANCHA<\/div><\/div><div class=\"info\" style=\"margin-bottom: 9.53125px;\"><div class=\"etiqueta\" style=\"opacity: 0.5; display: inline-block;\">ARQUITECTOS<\/div>\u00a0<br \/><div class=\"datos\" style=\"display: inline-block;\">FRANCISCO CANDEL JIM\u00c9NEZ<br \/>ANTONIO ESCARIO MART\u00cdNEZ<\/div><\/div><div class=\"info\" style=\"margin-bottom: 9.53125px;\"><div class=\"etiqueta\" style=\"opacity: 0.5; display: inline-block;\">ARQUITECTOS T\u00c9CNICOS<\/div>\u00a0<br \/><div class=\"datos\" style=\"display: inline-block;\">JUAN MART\u00cdNEZ CUENCA<br \/>MIGUEL CEBRI\u00c1N PICAZO<\/div><\/div><div class=\"info\" style=\"margin-bottom: 9.53125px;\"><div class=\"etiqueta\" style=\"opacity: 0.5; display: inline-block;\">INGENIER\u00cdA<\/div>\u00a0<br \/><div class=\"datos\" style=\"display: inline-block;\">OTEP internacional S.A.<br \/>AGUILERA S.A.<\/div><\/div><div class=\"info\" style=\"margin-bottom: 9.53125px;\"><div class=\"etiqueta\" style=\"opacity: 0.5; display: inline-block;\">EMPRESA CONSTRUCTORA<\/div>\u00a0<br \/><div class=\"datos\" style=\"display: inline-block;\">F.C.C.<\/div><\/div><div class=\"info\" style=\"margin-bottom: 9.53125px;\"><div class=\"etiqueta\" style=\"opacity: 0.5; display: inline-block;\">SUPERFICIE CONSTRUIDA<\/div><br \/><div class=\"datos\" style=\"display: inline-block;\">12.800 M2<\/div><\/div><div class=\"info\" style=\"margin-bottom: 9.53125px;\"><div class=\"etiqueta\" style=\"opacity: 0.5; display: inline-block;\">PRESUPUESTO TOTAL<\/div><br \/><div class=\"datos\" style=\"display: inline-block;\">12.000.000 \u20ac<\/div><\/div><\/div><\/div><\/div><\/div>\t\t\t\t\t<\/div>\n\t\t\t\t\t\t<\/div>\n\t\t\t\t<\/div>\n\t\t\t\t\t\t<\/div>\n\t\t\t\t\t<\/div>\n\t\t<\/div>\n\t\t\t\t\t\t\t\t<\/div>\n\t\t\t\t\t<\/div>\n\t\t<\/section>\n\t\t\t\t\t\t\t\t\t<\/div>\n\t\t\t<\/div>\n\t\t\t\t\t<\/div>\n\t\t","protected":false},"excerpt":{"rendered":"<p>El contenido y memoria del proyecto est\u00e1 disponible en versi\u00f3n de escritorio o PC \u00a0 Se trata de desarrollar el programa de la central de la Caja de ahorros de oficinas y obra social en un solar en el centro de la ciudad, frente a la plaza circular de principio de siglo remate del eje [&hellip;]<\/p>\n","protected":false},"author":1,"featured_media":253,"comment_status":"open","ping_status":"open","sticky":false,"template":"elementor_canvas","format":"standard","meta":{"_genesis_hide_title":false,"_genesis_hide_breadcrumbs":false,"_genesis_hide_singular_image":false,"_genesis_hide_footer_widgets":false,"_genesis_custom_body_class":"","_genesis_custom_post_class":"","_genesis_layout":""},"categories":[9,1],"tags":[],"_links":{"self":[{"href":"http:\/\/candelarquitectura.com\/estudio\/wp-json\/wp\/v2\/posts\/2057"}],"collection":[{"href":"http:\/\/candelarquitectura.com\/estudio\/wp-json\/wp\/v2\/posts"}],"about":[{"href":"http:\/\/candelarquitectura.com\/estudio\/wp-json\/wp\/v2\/types\/post"}],"author":[{"embeddable":true,"href":"http:\/\/candelarquitectura.com\/estudio\/wp-json\/wp\/v2\/users\/1"}],"replies":[{"embeddable":true,"href":"http:\/\/candelarquitectura.com\/estudio\/wp-json\/wp\/v2\/comments?post=2057"}],"version-history":[{"count":7,"href":"http:\/\/candelarquitectura.com\/estudio\/wp-json\/wp\/v2\/posts\/2057\/revisions"}],"predecessor-version":[{"id":2856,"href":"http:\/\/candelarquitectura.com\/estudio\/wp-json\/wp\/v2\/posts\/2057\/revisions\/2856"}],"wp:featuredmedia":[{"embeddable":true,"href":"http:\/\/candelarquitectura.com\/estudio\/wp-json\/wp\/v2\/media\/253"}],"wp:attachment":[{"href":"http:\/\/candelarquitectura.com\/estudio\/wp-json\/wp\/v2\/media?parent=2057"}],"wp:term":[{"taxonomy":"category","embeddable":true,"href":"http:\/\/candelarquitectura.com\/estudio\/wp-json\/wp\/v2\/categories?post=2057"},{"taxonomy":"post_tag","embeddable":true,"href":"http:\/\/candelarquitectura.com\/estudio\/wp-json\/wp\/v2\/tags?post=2057"}],"curies":[{"name":"wp","href":"https:\/\/api.w.org\/{rel}","templated":true}]}}